{"id":1262,"date":"2017-12-31T15:43:16","date_gmt":"2017-12-31T14:43:16","guid":{"rendered":"http:\/\/www.stendhal.fr\/?p=1262"},"modified":"2018-01-18T10:43:41","modified_gmt":"2018-01-18T09:43:41","slug":"hb-revue-internationale-detudes-stendhaliennes-n21-2017","status":"publish","type":"post","link":"https:\/\/stendhal.fr\/?p=1262","title":{"rendered":"HB Revue internationale d\u2019\u00e9tudes stendhaliennes n\u00b021 \/ 2017"},"content":{"rendered":"<p style=\"text-align: center;\"><strong><em>HB<\/em><\/strong><br \/>\n<strong><em> Revue internationale d\u2019\u00e9tudes stendhaliennes<\/em><\/strong><br \/>\n<strong> n\u00b021 \/ 2017<\/strong><\/p>\n<p style=\"text-align: center;\"><a href=\"http:\/\/www.euredit-editions.com\/f\/index.php?sp=liv&amp;livre_id=216\" target=\"_blank\" rel=\"noopener noreferrer\">http:\/\/www.euredit-editions.com\/f\/index.php?sp=liv&amp;livre_id=216<\/a><\/p>\n<p style=\"text-align: center;\">SOMMAIRE<\/p>\n<p style=\"text-align: center;\">IN MEMORIAM MARIELLA DI MAIO<br \/>\nRICORDO PERSONALE DI MARIELLA DI MAIO<br \/>\npar Letizia NORCI CAGIANO<\/p>\n<p style=\"text-align: center;\">IN MEMORIAM JACQUES HOUBERT<br \/>\n1931-2017<\/p>\n<p style=\"text-align: center;\">IN MEMORIAM G\u00c9RALD RANNAUD<br \/>\n1933-2017<\/p>\n<p style=\"text-align: center;\">DOSSIER<\/p>\n<p style=\"text-align: center;\">STENDHAL\u00a0: BONHEUR ET M\u00c9LANCOLIE<br \/>\nCOLLOQUE PARIS-SORBONNE-PARIS IV<br \/>\n18 et 19 mars 2016<br \/>\nTextes r\u00e9unis et pr\u00e9sent\u00e9s par<br \/>\nMichel ARROUS<\/p>\n<p>PR\u00c9SENTATION<br \/>\npar Michel Arrous<\/p>\n<p>Les promenades dans <em>Armance<\/em>\u00a0: lieux de ravissement et de privation<br \/>\npar M\u00e9k\u00e9 M\u00e9it\u00e9<\/p>\n<p>Le silence et le vol des oiseaux dans <em>La Chartreuse de Parme<\/em><br \/>\npar Sascha Luethy<\/p>\n<p>Bonheur et m\u00e9lancolie dans le sigisb\u00e9isme\u00a0: Stendhal face \u00e0 la relation triangulaire<br \/>\npar Makoto Uesugi<\/p>\n<p>Une figure faustienne\u00a0? La m\u00e9lancolie d\u2019Octave de Malivert<br \/>\npar Lydia Bauer<\/p>\n<p>Les amours de Stendhal ou puissance de la m\u00e9lancolie<br \/>\npar Thierry Ozwald<\/p>\n<p>Comment lire la \u00ab\u00a0chasse au bonheur\u00a0\u00bb dans les nouvelles stendhaliennes\u00a0: <em>Vanina Vanini<\/em> ou le bonheur manqu\u00e9<br \/>\npar Concetta Angelone<\/p>\n<p>Stendhal et le bonheur sans amour et sans m\u00e9lancolie<br \/>\npar Serge Link\u00e8s<\/p>\n<p>I am never merry when I hear sweet music<br \/>\npar Suzel Esquier<\/p>\n<p>Illusion et lucidit\u00e9 dans l\u2019image stendhalienne du bonheur<br \/>\npar Pierrette Pavet<\/p>\n<p>Mozart ou le bonheur de la m\u00e9lancolie<br \/>\npar B\u00e9atrice Didier<\/p>\n<p>\u00ab\u00a0Une impression profonde re\u00e7ue \u00e0 son entr\u00e9e dans la vie.\u00a0\u00bb La religion comme fondement du bonheur chez Stendhal<br \/>\npar Nicolas Perot<\/p>\n<p><em>Le Rouge et le Noir<\/em>\u00a0: une p\u00e9dagogie du bonheur<br \/>\npar Maria Vicenta Hern\u00e1ndez \u00c1lvarez<\/p>\n<p><em>Don Carlos<\/em> selon <em>De l\u2019amour<\/em>\u00a0: une m\u00e9lancolie allemande<br \/>\npar Andr\u00e9e Mansau<\/p>\n<p>Le bonheur en uniforme\u00a0?<br \/>\npar Pascale McGarry<\/p>\n<p>Une mani\u00e8re singuli\u00e8re de chercher le bonheur<br \/>\npar Yvon Houssais<\/p>\n<p>Stendhal et le bonheur dans le sacrifice<br \/>\npar Michel Crouzet<\/p>\n<p style=\"text-align: center;\">VARIA<\/p>\n<p>Un c\u0153ur pour aimer<br \/>\npar Jacques Houbert<\/p>\n<p><em>Le Rouge et le Noir<\/em> ou 187 ans apr\u00e8s<br \/>\npar Michel Crouzet<\/p>\n<p>Deux lettres in\u00e9dites de Stendhal\u00a0: documents Jean-Jacques Amp\u00e8re<br \/>\npar Nobuhiro Takaki<\/p>\n<p>Reflets des journaux contemporains dans les <em>Souvenirs d\u2019\u00e9gotisme<\/em><br \/>\npar Kosei Kurisu<\/p>\n<p>Humour, retenue, circonspection\u00a0: imp\u00e9ratifs pratiques de l\u2019\u00e9motivit\u00e9 chez M\u00e9rim\u00e9e<br \/>\npar Thierry Ozwald<\/p>\n<p>Th\u00e9ophile Gautier et Somerset Maugham lecteurs de M\u00e9rim\u00e9e\u00a0: des \u00e9crivains-voyageurs en qu\u00eate d\u2019\u00e9motions andalouses<br \/>\npar Nikol Dziub<\/p>\n<p>BD et litt\u00e9rature\u00a0: l\u2019exemple de <em>Colomba<\/em> et de <em>Mateo Falcone<\/em><br \/>\npar Fatima Seddaoui<\/p>\n<p>Paul L\u00e9autaud\u00a0: \u00eatre Stendhal\u00a0?<br \/>\npar Jean-Auguste Poulon<\/p>\n<p>Giono et Stendhal\u00a0: dimension atypique et d\u00e9sinvolture<br \/>\npar \u00c9douard Schaelchli<\/p>\n<p>Expression et id\u00e9alisation\u00a0: Stendhal vs Winckelmann\u00a0?<br \/>\npar Michel Arrous<\/p>\n<p>Stendhal, Victor Cousin et Platon<br \/>\npar Ferdinand Collier<\/p>\n<p>Le hasard, le destin et le jeu chez Stendhal<br \/>\npar Michel Crouzet<\/p>\n<p style=\"text-align: center;\">NOTES<\/p>\n<p>Au secours\u00a0! Il revient\u2026<br \/>\npar Michel Crouzet<\/p>\n<p><em>Le Rouget le Noir<\/em>, l\u2019op\u00e9ra Rock<br \/>\npar Pascale McGarry<\/p>\n<p>Les supporters du Stendhal FC<br \/>\npar une \u00ab\u00a0Cuistre\u00a0\u00bb<\/p>\n<p>Le morph\u00e8me etc. chez Stendhal\u00a0: du fait de langue au fait de style<br \/>\npar Claire Deslauriers<\/p>\n<p>Bibliographie stendhalienne. Ventes 2016<br \/>\npar Jacques Houbert<\/p>\n<p>Un stendhalien \u00e0 l\u2019\u00c9lys\u00e9e<br \/>\npar Pascale McGarry<\/p>\n<p>Macron-Besson\u2026 et B. Constant, Stendhal, Balzac, Flaubert\u2026<br \/>\npar Ignacio Ugarte Irazoqui<\/p>\n<p style=\"text-align: center;\">LIVRES<\/p>\n","protected":false},"excerpt":{"rendered":"<p>HB Revue internationale d\u2019\u00e9tudes stendhaliennes n\u00b021 \/ 2017 http:\/\/www.euredit-editions.com\/f\/index.php?sp=liv&amp;livre_id=216 SOMMAIRE IN MEMORIAM MARIELLA DI MAIO RICORDO PERSONALE DI MARIELLA DI MAIO par Letizia NORCI CAGIANO IN MEMORIAM JACQUES HOUBERT 1931-2017 IN MEMORIAM G\u00c9RALD RANNAUD 1933-2017 DOSSIER STENDHAL\u00a0: BONHEUR ET M\u00c9LANCOLIE &hellip; <a href=\"https:\/\/stendhal.fr\/?p=1262\">Continuer la lecture <span class=\"meta-nav\">&rarr;<\/span><\/a><\/p>\n","protected":false},"author":1,"featured_media":0,"comment_status":"closed","ping_status":"closed","sticky":false,"template":"","format":"standard","meta":{"jetpack_post_was_ever_published":false,"_jetpack_newsletter_access":"","_jetpack_dont_email_post_to_subs":false,"_jetpack_newsletter_tier_id":0,"_jetpack_memberships_contains_paywalled_content":false,"_jetpack_memberships_contains_paid_content":false,"footnotes":"","jetpack_publicize_message":"","jetpack_publicize_feature_enabled":true,"jetpack_social_post_already_shared":true,"jetpack_social_options":{"image_generator_settings":{"template":"highway","default_image_id":0,"font":"","enabled":false},"version":2}},"categories":[2],"tags":[],"class_list":["post-1262","post","type-post","status-publish","format-standard","hentry","category-nouvelles-publications"],"jetpack_publicize_connections":[],"jetpack_featured_media_url":"","jetpack_sharing_enabled":true,"jetpack_shortlink":"https:\/\/wp.me\/p34K8b-km","jetpack_likes_enabled":true,"_links":{"self":[{"href":"https:\/\/stendhal.fr\/index.php?rest_route=\/wp\/v2\/posts\/1262","targetHints":{"allow":["GET"]}}],"collection":[{"href":"https:\/\/stendhal.fr\/index.php?rest_route=\/wp\/v2\/posts"}],"about":[{"href":"https:\/\/stendhal.fr\/index.php?rest_route=\/wp\/v2\/types\/post"}],"author":[{"embeddable":true,"href":"https:\/\/stendhal.fr\/index.php?rest_route=\/wp\/v2\/users\/1"}],"replies":[{"embeddable":true,"href":"https:\/\/stendhal.fr\/index.php?rest_route=%2Fwp%2Fv2%2Fcomments&post=1262"}],"version-history":[{"count":4,"href":"https:\/\/stendhal.fr\/index.php?rest_route=\/wp\/v2\/posts\/1262\/revisions"}],"predecessor-version":[{"id":1269,"href":"https:\/\/stendhal.fr\/index.php?rest_route=\/wp\/v2\/posts\/1262\/revisions\/1269"}],"wp:attachment":[{"href":"https:\/\/stendhal.fr\/index.php?rest_route=%2Fwp%2Fv2%2Fmedia&parent=1262"}],"wp:term":[{"taxonomy":"category","embeddable":true,"href":"https:\/\/stendhal.fr\/index.php?rest_route=%2Fwp%2Fv2%2Fcategories&post=1262"},{"taxonomy":"post_tag","embeddable":true,"href":"https:\/\/stendhal.fr\/index.php?rest_route=%2Fwp%2Fv2%2Ftags&post=1262"}],"curies":[{"name":"wp","href":"https:\/\/api.w.org\/{rel}","templated":true}]}}