{"id":1217,"date":"2017-09-29T14:49:03","date_gmt":"2017-09-29T13:49:03","guid":{"rendered":"http:\/\/www.stendhal.fr\/?p=1217"},"modified":"2017-10-22T09:10:23","modified_gmt":"2017-10-22T08:10:23","slug":"le-paris-de-stendhal-philippe-berthier","status":"publish","type":"post","link":"https:\/\/stendhal.fr\/?p=1217","title":{"rendered":"Le Paris de Stendhal Philippe Berthier"},"content":{"rendered":"<p style=\"text-align: center;\"><strong><em>Le Paris de Stendhal<\/em><\/strong><br \/>\n<strong>Philippe Berthier<\/strong><\/p>\n<p style=\"text-align: center;\"><a href=\"http:\/\/www.alexandrines.fr\/produit\/paris-de-stendhal\/\" target=\"_blank\" rel=\"noopener noreferrer\">\u00c9ditions Alexandrines<\/a><\/p>\n<p style=\"text-align: center;\">Le Paris des \u00e9crivains<br \/>\n8,90 euro ttc<\/p>\n<p style=\"text-align: center;\"><a href=\"http:\/\/www.stendhal.fr\/wp-content\/2017\/09\/Stendhal_couv.png\"><img loading=\"lazy\" decoding=\"async\" class=\"alignnone size-thumbnail wp-image-1220\" src=\"http:\/\/www.stendhal.fr\/wp-content\/2017\/09\/Stendhal_couv-150x150.png\" alt=\"\" width=\"150\" height=\"150\" srcset=\"https:\/\/stendhal.fr\/wp-content\/2017\/09\/Stendhal_couv-150x150.png 150w, https:\/\/stendhal.fr\/wp-content\/2017\/09\/Stendhal_couv-300x300.png 300w, https:\/\/stendhal.fr\/wp-content\/2017\/09\/Stendhal_couv.png 600w\" sizes=\"auto, (max-width: 150px) 100vw, 150px\" \/><\/a><\/p>\n<p>N\u00e9 provincial, Henri Beyle n\u2019a jamais remis en cause la conviction que c\u2019est \u00e0 Paris, et \u00e0 Paris seulement, qu\u2019on peut trouver le milieu le plus stimulant pour l\u2019esprit. Enrag\u00e9 de th\u00e9\u00e2tre et de musique, jamais rassasi\u00e9, autour d\u2019une table ou dans un salon, d\u2019\u00e9changes et de conversation, c\u2019est \u00e0 Paris que cet Italien d\u2019adoption est toujours revenu comme \u00e0 la source de toute vie intellectuelle. Il en a besoin, disait-il, comme une locomotive de charbon.<br \/>\nSi Stendhal c\u00e9l\u00e8bre peu les beaut\u00e9s monumentales de la capitale, il sait avec un art consomm\u00e9 utiliser les ressources de cette grande machine \u00e0 exciter les id\u00e9es et \u00e0 penser sans entraves, qu\u2019il consid\u00e8re comme unique au monde. De sorte que ce Milanais de coeur peut aussi passer \u00e0 bon droit pour id\u00e9alement Parisien : \u00ab Tout m\u2019a paru insipide au sortir de Paris. \u00bb<\/p>\n<p>Philippe Berthier, professeur \u00e9m\u00e9rite de litt\u00e9rature fran\u00e7aise \u00e0 la Sorbonne Nouvelle, a consacr\u00e9 de nombreuses \u00e9tudes \u00e0 Stendhal, dont il a co-\u00e9dit\u00e9 en trois volumes les <em>\u0152uvres romanesques compl\u00e8tes<\/em> dans la Biblioth\u00e8que de la Pl\u00e9iade. Pr\u00e9sident de l\u2019Association des Amis de Stendhal, il a fond\u00e9 la revue <em>L\u2019Ann\u00e9e stendhalienne<\/em>.<\/p>\n","protected":false},"excerpt":{"rendered":"<p>Le Paris de Stendhal Philippe Berthier \u00c9ditions Alexandrines Le Paris des \u00e9crivains 8,90 euro ttc N\u00e9 provincial, Henri Beyle n\u2019a jamais remis en cause la conviction que c\u2019est \u00e0 Paris, et \u00e0 Paris seulement, qu\u2019on peut trouver le milieu le &hellip; <a href=\"https:\/\/stendhal.fr\/?p=1217\">Continuer la lecture <span class=\"meta-nav\">&rarr;<\/span><\/a><\/p>\n","protected":false},"author":1,"featured_media":0,"comment_status":"closed","ping_status":"closed","sticky":false,"template":"","format":"standard","meta":{"jetpack_post_was_ever_published":false,"_jetpack_newsletter_access":"","_jetpack_dont_email_post_to_subs":false,"_jetpack_newsletter_tier_id":0,"_jetpack_memberships_contains_paywalled_content":false,"_jetpack_memberships_contains_paid_content":false,"footnotes":"","jetpack_publicize_message":"","jetpack_publicize_feature_enabled":true,"jetpack_social_post_already_shared":true,"jetpack_social_options":{"image_generator_settings":{"template":"highway","default_image_id":0,"font":"","enabled":false},"version":2}},"categories":[2],"tags":[],"class_list":["post-1217","post","type-post","status-publish","format-standard","hentry","category-nouvelles-publications"],"jetpack_publicize_connections":[],"jetpack_featured_media_url":"","jetpack_sharing_enabled":true,"jetpack_shortlink":"https:\/\/wp.me\/p34K8b-jD","jetpack_likes_enabled":true,"_links":{"self":[{"href":"https:\/\/stendhal.fr\/index.php?rest_route=\/wp\/v2\/posts\/1217","targetHints":{"allow":["GET"]}}],"collection":[{"href":"https:\/\/stendhal.fr\/index.php?rest_route=\/wp\/v2\/posts"}],"about":[{"href":"https:\/\/stendhal.fr\/index.php?rest_route=\/wp\/v2\/types\/post"}],"author":[{"embeddable":true,"href":"https:\/\/stendhal.fr\/index.php?rest_route=\/wp\/v2\/users\/1"}],"replies":[{"embeddable":true,"href":"https:\/\/stendhal.fr\/index.php?rest_route=%2Fwp%2Fv2%2Fcomments&post=1217"}],"version-history":[{"count":3,"href":"https:\/\/stendhal.fr\/index.php?rest_route=\/wp\/v2\/posts\/1217\/revisions"}],"predecessor-version":[{"id":1222,"href":"https:\/\/stendhal.fr\/index.php?rest_route=\/wp\/v2\/posts\/1217\/revisions\/1222"}],"wp:attachment":[{"href":"https:\/\/stendhal.fr\/index.php?rest_route=%2Fwp%2Fv2%2Fmedia&parent=1217"}],"wp:term":[{"taxonomy":"category","embeddable":true,"href":"https:\/\/stendhal.fr\/index.php?rest_route=%2Fwp%2Fv2%2Fcategories&post=1217"},{"taxonomy":"post_tag","embeddable":true,"href":"https:\/\/stendhal.fr\/index.php?rest_route=%2Fwp%2Fv2%2Ftags&post=1217"}],"curies":[{"name":"wp","href":"https:\/\/api.w.org\/{rel}","templated":true}]}}