{"id":1205,"date":"2017-08-09T10:09:23","date_gmt":"2017-08-09T09:09:23","guid":{"rendered":"http:\/\/www.stendhal.fr\/?p=1205"},"modified":"2017-08-09T10:13:17","modified_gmt":"2017-08-09T09:13:17","slug":"le-moment-stendhal-francois-vanoosthuyse","status":"publish","type":"post","link":"https:\/\/stendhal.fr\/?p=1205","title":{"rendered":"Le Moment Stendhal Fran\u00e7ois Vanoosthuyse"},"content":{"rendered":"<p style=\"text-align: center;\"><strong>VANOOSTHUYSE (Fran\u00e7ois) <\/strong><br \/>\n<em><strong>Le Moment Stendhal<\/strong><\/em><\/p>\n<div class=\"productImageContainer\" style=\"text-align: center;\"><img loading=\"lazy\" decoding=\"async\" class=\"browseProductImage\" title=\"Vanoosthuyse (Fran\u00e7ois)\" src=\"https:\/\/www.classiques-garnier.com\/editions-vignettes\/FveMS01b.png\" alt=\"Vanoosthuyse (Fran\u00e7ois)\" width=\"200\" height=\"299\" border=\"0\" \/><\/div>\n<p style=\"text-align: center;\"><a href=\"https:\/\/www.classiques-garnier.com\/editions\/index.php?option=com_virtuemart&amp;page=shop.product_details&amp;flypage=flypage_garnier.tpl&amp;product_id=2905&amp;vmcchk=1&amp;Itemid=1\" target=\"_blank\" rel=\"noopener noreferrer\">Classiques GARNIER<\/a><br \/>\nCollection \u00c9tudes romantiques et dix-neuvi\u00e9mistes<br \/>\nN\u00b0 dans la collection 57<br \/>\nS\u00e9rie Stendhal<br \/>\nN\u00b0 dans la s\u00e9rie 7<br \/>\nISBN 978-2-8124-3608-6<br \/>\nEAN 9782812436086<br \/>\nParis<br \/>\n21\/06\/2017<br \/>\n15 x 22 x 2,5 cm<br \/>\n464 pages<br \/>\nBroch\u00e9<\/p>\n<p style=\"text-align: center;\"><span class=\"productPrice\">58.00 \u20ac TTC <\/span><\/p>\n<p style=\"text-align: center;\"><a href=\"https:\/\/www.classiques-garnier.com\/editions-tabmats\/FveMS01_tabmat.pdf\" target=\"_blank\" rel=\"noopener noreferrer\">Table des mati\u00e8res<\/a><\/p>\n","protected":false},"excerpt":{"rendered":"<p>VANOOSTHUYSE (Fran\u00e7ois) Le Moment Stendhal Classiques GARNIER Collection \u00c9tudes romantiques et dix-neuvi\u00e9mistes N\u00b0 dans la collection 57 S\u00e9rie Stendhal N\u00b0 dans la s\u00e9rie 7 ISBN 978-2-8124-3608-6 EAN 9782812436086 Paris 21\/06\/2017 15 x 22 x 2,5 cm 464 pages Broch\u00e9 58.00 &hellip; <a href=\"https:\/\/stendhal.fr\/?p=1205\">Continuer la lecture <span class=\"meta-nav\">&rarr;<\/span><\/a><\/p>\n","protected":false},"author":1,"featured_media":0,"comment_status":"closed","ping_status":"closed","sticky":false,"template":"","format":"standard","meta":{"jetpack_post_was_ever_published":false,"_jetpack_newsletter_access":"","_jetpack_dont_email_post_to_subs":false,"_jetpack_newsletter_tier_id":0,"_jetpack_memberships_contains_paywalled_content":false,"_jetpack_memberships_contains_paid_content":false,"footnotes":"","jetpack_publicize_message":"","jetpack_publicize_feature_enabled":true,"jetpack_social_post_already_shared":true,"jetpack_social_options":{"image_generator_settings":{"template":"highway","default_image_id":0,"font":"","enabled":false},"version":2}},"categories":[2],"tags":[],"class_list":["post-1205","post","type-post","status-publish","format-standard","hentry","category-nouvelles-publications"],"jetpack_publicize_connections":[],"jetpack_featured_media_url":"","jetpack_sharing_enabled":true,"jetpack_shortlink":"https:\/\/wp.me\/p34K8b-jr","jetpack_likes_enabled":true,"_links":{"self":[{"href":"https:\/\/stendhal.fr\/index.php?rest_route=\/wp\/v2\/posts\/1205","targetHints":{"allow":["GET"]}}],"collection":[{"href":"https:\/\/stendhal.fr\/index.php?rest_route=\/wp\/v2\/posts"}],"about":[{"href":"https:\/\/stendhal.fr\/index.php?rest_route=\/wp\/v2\/types\/post"}],"author":[{"embeddable":true,"href":"https:\/\/stendhal.fr\/index.php?rest_route=\/wp\/v2\/users\/1"}],"replies":[{"embeddable":true,"href":"https:\/\/stendhal.fr\/index.php?rest_route=%2Fwp%2Fv2%2Fcomments&post=1205"}],"version-history":[{"count":4,"href":"https:\/\/stendhal.fr\/index.php?rest_route=\/wp\/v2\/posts\/1205\/revisions"}],"predecessor-version":[{"id":1209,"href":"https:\/\/stendhal.fr\/index.php?rest_route=\/wp\/v2\/posts\/1205\/revisions\/1209"}],"wp:attachment":[{"href":"https:\/\/stendhal.fr\/index.php?rest_route=%2Fwp%2Fv2%2Fmedia&parent=1205"}],"wp:term":[{"taxonomy":"category","embeddable":true,"href":"https:\/\/stendhal.fr\/index.php?rest_route=%2Fwp%2Fv2%2Fcategories&post=1205"},{"taxonomy":"post_tag","embeddable":true,"href":"https:\/\/stendhal.fr\/index.php?rest_route=%2Fwp%2Fv2%2Ftags&post=1205"}],"curies":[{"name":"wp","href":"https:\/\/api.w.org\/{rel}","templated":true}]}}