{"id":1172,"date":"2017-04-03T14:41:38","date_gmt":"2017-04-03T13:41:38","guid":{"rendered":"http:\/\/www.stendhal.fr\/?p=1172"},"modified":"2017-05-11T14:40:20","modified_gmt":"2017-05-11T13:40:20","slug":"stendhal-et-les-choses-de-la-nature-actes-du-colloque-de-paris-inha-organise-par-stendhal-aujourdhui-26-27-mars-2010","status":"publish","type":"post","link":"https:\/\/stendhal.fr\/?p=1172","title":{"rendered":"Stendhal et les choses de la nature Actes du colloque de Paris-INHA, organis\u00e9 par Stendhal aujourd&rsquo;hui, 26-27 mars 2010"},"content":{"rendered":"<p style=\"text-align: center;\"><strong><em>Stendhal et les choses de la nature <\/em><\/strong><br \/>\n<strong><em>Actes du colloque de Paris-INHA, organis\u00e9 par Stendhal aujourd&rsquo;hui, 26-27 mars 2010<\/em><\/strong><\/p>\n<p style=\"text-align: center;\">R\u00e9\u00e9dition<\/p>\n<p style=\"text-align: center;\">\u00c9tudes r\u00e9unies et pr\u00e9sent\u00e9es par Michel Arrous<\/p>\n<p style=\"text-align: center;\"><a href=\"http:\/\/www.stendhal.fr\/wp-content\/2017\/04\/Stendhal-et-les-choses-de-la-nature-.jpg\"><img loading=\"lazy\" decoding=\"async\" class=\"alignnone size-full wp-image-1176\" src=\"http:\/\/www.stendhal.fr\/wp-content\/2017\/04\/Stendhal-et-les-choses-de-la-nature-.jpg\" alt=\"Stendhal et les choses de la nature\" width=\"160\" height=\"241\" \/><\/a><\/p>\n<p style=\"text-align: center;\">EUREDIT<\/p>\n<p style=\"text-align: center;\"><a title=\"Euredit\" href=\"http:\/\/www.euredit-editions.com\/f\/index.php?sp=liv&amp;livre_id=210\" target=\"_blank\" rel=\"noopener noreferrer\">http:\/\/www.euredit-editions.com\/f\/index.php?sp=liv&amp;livre_id=210<\/a><\/p>\n<p style=\"text-align: center;\">Collection H.B.<br \/>\nDate de parution\u00a0: 2017<br \/>\nISBN\u00a0: 978-2-84830-216-4<br \/>\nISSN\u00a0: 2431-9104<br \/>\n16 x 24 cm<br \/>\ndos carr\u00e9 coll\u00e9<br \/>\nX-172 pages<br \/>\n48\u00a0\u20ac<\/p>\n<p>Bien qu\u2019il ne passe pas pour un peintre paysagiste, il y a un Stendhal paysagiste car le paysage-archet joue sur lui. Pour cet homme des villes qui a maintes fois d\u00e9nonc\u00e9 les laideurs de la civilisation, la nature n\u2019est pas simplement un d\u00e9cor, elle existe dans la diversit\u00e9 de son immanence, et m\u00eame quand s\u2019invite la laideur qui a toujours partie li\u00e9e avec la laideur morale. Les beaux paysages \u00ab rendent le malheur supportable \u00bb ; non seulement ils all\u00e8gent l\u2019\u00e2me en quelque sorte, mais augmentent la joie en d\u00e9livrant des \u00ab vains int\u00e9r\u00eats du monde \u00bb.<\/p>\n<p>Stendhal aime la montagne, la \u00ab sublime beaut\u00e9 \u00bb d\u2019un vallon pr\u00e8s de Grenoble, le silence des grands bois et la libert\u00e9 des for\u00eats, la mer \u2013 avec des nuances\u00a0 \u2013 , et les lacs. Et, par-dessus tout, il a le culte de l\u2019arbre qu\u2019il aime et respecte, l\u2019arbre libre qui offre le plaisir de l\u2019ombre ou qui console, propice \u00e0 l\u2019imagination et \u00e0 la r\u00eaverie. Devant les tilleuls parisiens Brulard a l\u2019\u00e2me rafra\u00eechie, \u00e0 sa vue le Touriste est apais\u00e9 parce que \u00ab c\u2019est quelque chose qui n\u2019est pas affect\u00e9 \u00bb ; il en va de m\u00eame pour Julien ou Fabrice. L\u2019arbre, mais aussi le jardin, \u00e0 condition qu\u2019il ne soit ni factice ni magnifique, alors, dans l\u2019univers romanesque, il devient le lieu du secret des \u00eatres dans la complicit\u00e9 \u00e9rotique.<\/p>\n<p>Chez Stendhal, les choses de la nature, dans leur pl\u00e9nitude, ne se contentent donc pas d\u2019\u00eatre ; elles ont une r\u00e9sonance, une sagesse qui nous parle. Enfin l\u2019auteur de <em>De l\u2019amour<\/em> privil\u00e9gie leurs rapports avec l\u2019art : \u00ab ce qui est extr\u00eamement beau, dans la nature et dans les arts, rappelle le souvenir de ce qu\u2019on aime \u00bb.<\/p>\n<p>Avec les contributions de<br \/>\nMax Andr\u00e9oli, Encarnaci\u00f3n Medina Arjona, Michel Crouzet, Janine Gallant, Marie-Fran\u00e7oise Guinoiseau, Jean-Jacques Hamm, Andr\u00e9e Mansau, Pierrette Pavet, Elisabeth Scheele, Francesco Spandri<\/p>\n","protected":false},"excerpt":{"rendered":"<p>Stendhal et les choses de la nature Actes du colloque de Paris-INHA, organis\u00e9 par Stendhal aujourd&rsquo;hui, 26-27 mars 2010 R\u00e9\u00e9dition \u00c9tudes r\u00e9unies et pr\u00e9sent\u00e9es par Michel Arrous EUREDIT http:\/\/www.euredit-editions.com\/f\/index.php?sp=liv&amp;livre_id=210 Collection H.B. Date de parution\u00a0: 2017 ISBN\u00a0: 978-2-84830-216-4 ISSN\u00a0: 2431-9104 16 &hellip; <a href=\"https:\/\/stendhal.fr\/?p=1172\">Continuer la lecture <span class=\"meta-nav\">&rarr;<\/span><\/a><\/p>\n","protected":false},"author":1,"featured_media":0,"comment_status":"closed","ping_status":"closed","sticky":false,"template":"","format":"standard","meta":{"jetpack_post_was_ever_published":false,"_jetpack_newsletter_access":"","_jetpack_dont_email_post_to_subs":false,"_jetpack_newsletter_tier_id":0,"_jetpack_memberships_contains_paywalled_content":false,"_jetpack_memberships_contains_paid_content":false,"footnotes":"","jetpack_publicize_message":"","jetpack_publicize_feature_enabled":true,"jetpack_social_post_already_shared":true,"jetpack_social_options":{"image_generator_settings":{"template":"highway","default_image_id":0,"font":"","enabled":false},"version":2}},"categories":[2],"tags":[],"class_list":["post-1172","post","type-post","status-publish","format-standard","hentry","category-nouvelles-publications"],"jetpack_publicize_connections":[],"jetpack_featured_media_url":"","jetpack_sharing_enabled":true,"jetpack_shortlink":"https:\/\/wp.me\/p34K8b-iU","jetpack_likes_enabled":true,"_links":{"self":[{"href":"https:\/\/stendhal.fr\/index.php?rest_route=\/wp\/v2\/posts\/1172","targetHints":{"allow":["GET"]}}],"collection":[{"href":"https:\/\/stendhal.fr\/index.php?rest_route=\/wp\/v2\/posts"}],"about":[{"href":"https:\/\/stendhal.fr\/index.php?rest_route=\/wp\/v2\/types\/post"}],"author":[{"embeddable":true,"href":"https:\/\/stendhal.fr\/index.php?rest_route=\/wp\/v2\/users\/1"}],"replies":[{"embeddable":true,"href":"https:\/\/stendhal.fr\/index.php?rest_route=%2Fwp%2Fv2%2Fcomments&post=1172"}],"version-history":[{"count":5,"href":"https:\/\/stendhal.fr\/index.php?rest_route=\/wp\/v2\/posts\/1172\/revisions"}],"predecessor-version":[{"id":1189,"href":"https:\/\/stendhal.fr\/index.php?rest_route=\/wp\/v2\/posts\/1172\/revisions\/1189"}],"wp:attachment":[{"href":"https:\/\/stendhal.fr\/index.php?rest_route=%2Fwp%2Fv2%2Fmedia&parent=1172"}],"wp:term":[{"taxonomy":"category","embeddable":true,"href":"https:\/\/stendhal.fr\/index.php?rest_route=%2Fwp%2Fv2%2Fcategories&post=1172"},{"taxonomy":"post_tag","embeddable":true,"href":"https:\/\/stendhal.fr\/index.php?rest_route=%2Fwp%2Fv2%2Ftags&post=1172"}],"curies":[{"name":"wp","href":"https:\/\/api.w.org\/{rel}","templated":true}]}}