{"id":1167,"date":"2017-03-14T11:13:32","date_gmt":"2017-03-14T10:13:32","guid":{"rendered":"http:\/\/www.stendhal.fr\/?p=1167"},"modified":"2017-03-14T11:13:32","modified_gmt":"2017-03-14T10:13:32","slug":"stendhal-et-les-valeurs-republicaines","status":"publish","type":"post","link":"https:\/\/stendhal.fr\/?p=1167","title":{"rendered":"Stendhal et les \u00ab\u00a0valeurs r\u00e9publicaines\u00a0\u00bb"},"content":{"rendered":"<p style=\"text-align: center;\"><strong>STENDHAL ET LES \u00ab\u00a0VALEURS R\u00c9PUBLICAINES\u00a0 \u00bb <\/strong><br \/>\n<strong>Colloque organis\u00e9 par Stendhal Aujourd\u2019hui<\/strong><br \/>\n<strong>Avec la collaboration de HB\u00a0 Revue internationale d\u2019\u00e9tudes stendhaliennes<\/strong><\/p>\n<p style=\"text-align: center;\"><strong>Universit\u00e9 Paris-Sorbonne-Paris IV,\u00a0 24 et 25 mars 2017<\/strong><br \/>\n<strong>Maison de la\u00a0 Recherche \u00a0<\/strong><br \/>\n<strong>28, rue Serpente, 75006 Paris<\/strong><\/p>\n<p>Vendredi 24 mars, salle D 323<\/p>\n<p>9h30 Accueil et ouverture de la premi\u00e8re journ\u00e9e<\/p>\n<p>Amour, famille et valeurs r\u00e9publicaines dans <em>Le Rouge et le Noir<\/em><br \/>\npar M\u00e9k\u00e9 M\u00e9it\u00e9<\/p>\n<p>Stendhal et les affinit\u00e9s r\u00e9publicaines dans <em>Lucien Leuwen<\/em><br \/>\npar Salsabil Gouider<\/p>\n<p>Habitus nobiliaire et valeurs r\u00e9publicaines<br \/>\npar Olivier Tonnerre<\/p>\n<p>12h-14h D\u00e9jeuner<\/p>\n<p>La dissidence de Stendhal avec le cr\u00e9do lib\u00e9ral\u00a0: Beyle critique de Benjamin Constant<br \/>\npar Patrick Attali<\/p>\n<p>Murat et le Sud italien\u00a0: aristos \u00e0 la lanterne ou nouvelles monarchies \u00e0 la fran\u00e7aise\u00a0?<br \/>\npar Andr\u00e9e Mansau<\/p>\n<p>Le stendhalisme est-il une forme de marxisme lib\u00e9ral\u00a0?<br \/>\npar Serge Link\u00e8s<\/p>\n<p>15h30-16h Pause<\/p>\n<p>La r\u00e9publique id\u00e9ale selon Stendhal, dans <em>La Chartreuse de Parme<\/em><br \/>\npar Thierry Ozwald<\/p>\n<p>La notion d\u2019\u00e9galit\u00e9 chez Balzac et Stendhal<br \/>\npar Max Andr\u00e9oli<\/p>\n<p>Samedi 25 mars, salle D 323<\/p>\n<p>9h30 Accueil et ouverture de la deuxi\u00e8me journ\u00e9e<\/p>\n<p>Statues et vertus antiques ou la th\u00e9\u00e2tralit\u00e9 du beau moderne\u00a0: le bien public dans l\u2019<em>Histoire de la peinture en Italie<\/em><br \/>\npar Encarnaci\u00f3n Medina Arjona<\/p>\n<p>Les \u00ab\u00a0partis contraires\u00a0\u00bb\u00a0: le r\u00e9publicain et l\u2019aristocrate<br \/>\npar Pascale Mc Garry<\/p>\n<p>Op\u00e9ra et d\u00e9mocratie<br \/>\npar B\u00e9atrice Didier<\/p>\n<p>12h-14h D\u00e9jeuner<\/p>\n<p>Stendhal lecteur de Montesquieu \u00e0 Rome<br \/>\npar Letizia Norci Cagiano de Azevedo<\/p>\n<p>D\u00e9pendance, valorisation et concurrence. L\u2019inversion des valeurs r\u00e9publicaines par l\u2019argent<br \/>\npar Lydia Bauer<\/p>\n<p>Le soldat r\u00e9publicain<br \/>\npar Michel Crouzet<\/p>\n","protected":false},"excerpt":{"rendered":"<p>STENDHAL ET LES \u00ab\u00a0VALEURS R\u00c9PUBLICAINES\u00a0 \u00bb Colloque organis\u00e9 par Stendhal Aujourd\u2019hui Avec la collaboration de HB\u00a0 Revue internationale d\u2019\u00e9tudes stendhaliennes Universit\u00e9 Paris-Sorbonne-Paris IV,\u00a0 24 et 25 mars 2017 Maison de la\u00a0 Recherche \u00a0 28, rue Serpente, 75006 Paris Vendredi 24 &hellip; <a href=\"https:\/\/stendhal.fr\/?p=1167\">Continuer la lecture <span class=\"meta-nav\">&rarr;<\/span><\/a><\/p>\n","protected":false},"author":1,"featured_media":0,"comment_status":"closed","ping_status":"closed","sticky":false,"template":"","format":"standard","meta":{"jetpack_post_was_ever_published":false,"_jetpack_newsletter_access":"","_jetpack_dont_email_post_to_subs":false,"_jetpack_newsletter_tier_id":0,"_jetpack_memberships_contains_paywalled_content":false,"_jetpack_memberships_contains_paid_content":false,"footnotes":"","jetpack_publicize_message":"","jetpack_publicize_feature_enabled":true,"jetpack_social_post_already_shared":true,"jetpack_social_options":{"image_generator_settings":{"template":"highway","default_image_id":0,"font":"","enabled":false},"version":2}},"categories":[6],"tags":[],"class_list":["post-1167","post","type-post","status-publish","format-standard","hentry","category-colloques"],"jetpack_publicize_connections":[],"jetpack_featured_media_url":"","jetpack_sharing_enabled":true,"jetpack_shortlink":"https:\/\/wp.me\/p34K8b-iP","jetpack_likes_enabled":true,"_links":{"self":[{"href":"https:\/\/stendhal.fr\/index.php?rest_route=\/wp\/v2\/posts\/1167","targetHints":{"allow":["GET"]}}],"collection":[{"href":"https:\/\/stendhal.fr\/index.php?rest_route=\/wp\/v2\/posts"}],"about":[{"href":"https:\/\/stendhal.fr\/index.php?rest_route=\/wp\/v2\/types\/post"}],"author":[{"embeddable":true,"href":"https:\/\/stendhal.fr\/index.php?rest_route=\/wp\/v2\/users\/1"}],"replies":[{"embeddable":true,"href":"https:\/\/stendhal.fr\/index.php?rest_route=%2Fwp%2Fv2%2Fcomments&post=1167"}],"version-history":[{"count":3,"href":"https:\/\/stendhal.fr\/index.php?rest_route=\/wp\/v2\/posts\/1167\/revisions"}],"predecessor-version":[{"id":1170,"href":"https:\/\/stendhal.fr\/index.php?rest_route=\/wp\/v2\/posts\/1167\/revisions\/1170"}],"wp:attachment":[{"href":"https:\/\/stendhal.fr\/index.php?rest_route=%2Fwp%2Fv2%2Fmedia&parent=1167"}],"wp:term":[{"taxonomy":"category","embeddable":true,"href":"https:\/\/stendhal.fr\/index.php?rest_route=%2Fwp%2Fv2%2Fcategories&post=1167"},{"taxonomy":"post_tag","embeddable":true,"href":"https:\/\/stendhal.fr\/index.php?rest_route=%2Fwp%2Fv2%2Ftags&post=1167"}],"curies":[{"name":"wp","href":"https:\/\/api.w.org\/{rel}","templated":true}]}}