{"id":1138,"date":"2016-10-16T14:03:32","date_gmt":"2016-10-16T13:03:32","guid":{"rendered":"http:\/\/www.stendhal.fr\/?p=1138"},"modified":"2016-10-16T14:15:20","modified_gmt":"2016-10-16T13:15:20","slug":"lannee-stendhalienne-15","status":"publish","type":"post","link":"https:\/\/stendhal.fr\/?p=1138","title":{"rendered":"L&rsquo;Ann\u00e9e Stendhalienne 15"},"content":{"rendered":"<h3 style=\"text-align: center;\">L&rsquo;Ann\u00e9e Stendhalienne 15<\/h3>\n<p style=\"text-align: center;\">PARIS ?HONORE? CHAMPION E?DITEUR<\/p>\n<p style=\"text-align: center;\">2016<\/p>\n<p style=\"text-align: center;\">444p. 60 euros<\/p>\n<p style=\"text-align: center;\"><a title=\"CHAMPION\" href=\"http:\/\/www.honorechampion.com\" target=\"_blank\">www.honorechampion.com <\/a><\/p>\n<p>Table des mati\u00e8res<br \/>\nSTENDHAL\u2019S MANY LIVES<br \/>\nAntoine GUIBAL :Avant-propos<br \/>\nPhilippe BERTHIER :Phares<br \/>\nPhilippe ROGER : Vies majuscules, vies minuscules<br \/>\nDavid F. BELL : Les \u00ab Vies \u00bb de Stendhal, ou comment \u00e9crire une biographie pour devenir romancier ?<br \/>\nJacques NEEFS : Ecrire de soi comme d\u2019un autre, lire d\u2019un autre comme de soi<br \/>\nSTENDHAL EN MOUVEMENT<br \/>\nPhilippe BERTHIER :Pr\u00e9sentation<br \/>\nNicolas COCHARD : Stendhal dans les ports : regard d\u2019historien<br \/>\nYves ANSEL: Voyages,voyages&#8230;<br \/>\nSerge LINK\u00c8S : Pour une po\u00e9tique touristique : Stendhal\u00a0 et la mise en r\u00e9cit du voyage<br \/>\nLaure L\u00c9V\u00caQUE : L\u2019\u00e9chapp\u00e9e Beyle. Du paysage au pays : les \u00ab\u00a0voyages en France\u00a0\u00bb \u00e0 l\u2019appui d\u2019une reterritorialisation<br \/>\nAntoine GUIBAL : Rossini en mouvements<br \/>\nB\u00e9atrice DIDIER : \u00ab\u00a0Le mouvement fait tout pour l\u2019expression\u00a0\u00bb<br \/>\nLydia BAUER : <em>Les Affinit\u00e9s \u00e9lectives<\/em> : flux et reflux de la sympathie chez Rousseau, Goethe et Stendhal<br \/>\nMarie-Rose CORREDOR : <em>La Chartreuse de Parme<\/em> :\u00a0 \u00ab\u00a0feuilletages\u00a0\u00bb du temps<br \/>\nPhilippe BERTHIER : Mobile\/ stabile : la cin\u00e9tique paradoxale des <em>Journaux et papiers<\/em><br \/>\nNicolas ALLARD : Anecdotes mouvantes et mouvances des anecdotes<br \/>\nKarin GUNDERSEN : Les d\u00e9clencheurs du voyage dans le temps chez Stendhal autobiographe<br \/>\nFabienne BERCEGOL : Au d\u00e9tour du r\u00e9cit : les parenth\u00e8ses dans la <em>Vie de Henry Brulard<\/em><br \/>\nXavier BOURDENET : \u00ab\u00a0De premier mouvement\u00a0\u00bb. Sentiment et mouvement chez Stendhal<br \/>\nBrigitte DIAZ: Passages de Stendhal<br \/>\nVARIA<br \/>\nMaxime TRIQUENAUX : L\u2019\u00a0\u00bbillustre et vaste corporation \u00e0 laquelle j\u2019ai l\u2019honneur d\u2019appartenir\u00a0\u00bb. Rapports de genre et masculinit\u00e9s dans la premi\u00e8re partie du <em>Rouge et le Noir<\/em><br \/>\nSusanne MILDNER-ARDISSON : Mina et F\u00e9der : des \u00ab\u00a0amoureux \u00e0 la Werther\u00a0\u00bb revus par Stendhal<br \/>\nNOTES ET DOCUMENTS<br \/>\nFran\u00e7ois BRONNER : Une note in\u00e9dite de Stendhal en anglais<br \/>\nSaverio ALMINI : Deux lettres in\u00e9dites de Stendhal au marquis Giacomo Ricci<br \/>\nJean-Luc BUSSET : Stendhal aux prises avec un argument contre l\u2019\u00e9picurisme<br \/>\n\u2014: Une tradition satirique: le savant en us<br \/>\n\u2014 : H. Martineau, <em>La Chartreuse<\/em> (ch. VI), Chamfort<br \/>\nPaul DESALMAND : Le syndrome de Stendhal, Proust, Dosto\u00efevski, Onfray<br \/>\nCARNET CRITIQUE<br \/>\nChristof WEIAND, Maria SCOTT, B\u00e9atrice DIDIER,<br \/>\nH\u00e9l\u00e8ne de JACQUELOT,Philippe BERTHIER<\/p>\n","protected":false},"excerpt":{"rendered":"<p>L&rsquo;Ann\u00e9e Stendhalienne 15 PARIS ?HONORE? CHAMPION E?DITEUR 2016 444p. 60 euros www.honorechampion.com Table des mati\u00e8res STENDHAL\u2019S MANY LIVES Antoine GUIBAL :Avant-propos Philippe BERTHIER :Phares Philippe ROGER : Vies majuscules, vies minuscules David F. BELL : Les \u00ab Vies \u00bb de &hellip; <a href=\"https:\/\/stendhal.fr\/?p=1138\">Continuer la lecture <span class=\"meta-nav\">&rarr;<\/span><\/a><\/p>\n","protected":false},"author":1,"featured_media":0,"comment_status":"closed","ping_status":"closed","sticky":false,"template":"","format":"standard","meta":{"jetpack_post_was_ever_published":false,"_jetpack_newsletter_access":"","_jetpack_dont_email_post_to_subs":false,"_jetpack_newsletter_tier_id":0,"_jetpack_memberships_contains_paywalled_content":false,"_jetpack_memberships_contains_paid_content":false,"footnotes":"","jetpack_publicize_message":"","jetpack_publicize_feature_enabled":true,"jetpack_social_post_already_shared":true,"jetpack_social_options":{"image_generator_settings":{"template":"highway","default_image_id":0,"font":"","enabled":false},"version":2}},"categories":[2],"tags":[],"class_list":["post-1138","post","type-post","status-publish","format-standard","hentry","category-nouvelles-publications"],"jetpack_publicize_connections":[],"jetpack_featured_media_url":"","jetpack_sharing_enabled":true,"jetpack_shortlink":"https:\/\/wp.me\/p34K8b-im","jetpack_likes_enabled":true,"_links":{"self":[{"href":"https:\/\/stendhal.fr\/index.php?rest_route=\/wp\/v2\/posts\/1138","targetHints":{"allow":["GET"]}}],"collection":[{"href":"https:\/\/stendhal.fr\/index.php?rest_route=\/wp\/v2\/posts"}],"about":[{"href":"https:\/\/stendhal.fr\/index.php?rest_route=\/wp\/v2\/types\/post"}],"author":[{"embeddable":true,"href":"https:\/\/stendhal.fr\/index.php?rest_route=\/wp\/v2\/users\/1"}],"replies":[{"embeddable":true,"href":"https:\/\/stendhal.fr\/index.php?rest_route=%2Fwp%2Fv2%2Fcomments&post=1138"}],"version-history":[{"count":6,"href":"https:\/\/stendhal.fr\/index.php?rest_route=\/wp\/v2\/posts\/1138\/revisions"}],"predecessor-version":[{"id":1144,"href":"https:\/\/stendhal.fr\/index.php?rest_route=\/wp\/v2\/posts\/1138\/revisions\/1144"}],"wp:attachment":[{"href":"https:\/\/stendhal.fr\/index.php?rest_route=%2Fwp%2Fv2%2Fmedia&parent=1138"}],"wp:term":[{"taxonomy":"category","embeddable":true,"href":"https:\/\/stendhal.fr\/index.php?rest_route=%2Fwp%2Fv2%2Fcategories&post=1138"},{"taxonomy":"post_tag","embeddable":true,"href":"https:\/\/stendhal.fr\/index.php?rest_route=%2Fwp%2Fv2%2Ftags&post=1138"}],"curies":[{"name":"wp","href":"https:\/\/api.w.org\/{rel}","templated":true}]}}