{"id":1126,"date":"2016-08-29T14:13:49","date_gmt":"2016-08-29T13:13:49","guid":{"rendered":"http:\/\/www.stendhal.fr\/?p=1126"},"modified":"2016-08-29T14:13:49","modified_gmt":"2016-08-29T13:13:49","slug":"stendhal-et-les-valeurs-republicaines-colloque-international","status":"publish","type":"post","link":"https:\/\/stendhal.fr\/?p=1126","title":{"rendered":"Stendhal et les \u00ab\u00a0valeurs r\u00e9publicaines\u00a0\u00bb Colloque international"},"content":{"rendered":"<p style=\"text-align: center;\">STENDHAL AUJOURD\u2019HUI<br \/>\nHB\u00a0 Revue internationale d\u2019\u00e9tudes stendhaliennes<br \/>\nCOLLOQUE INTERNATIONAL<br \/>\n24 et 25 mars 2017<\/p>\n<p style=\"text-align: center;\">Universit\u00e9 Paris-Sorbonne-Paris IV<br \/>\nMaison de la Recherche de Paris-Sorbonne<br \/>\n28, rue Serpente, 75006 Paris<\/p>\n<p style=\"text-align: center;\">\n<p style=\"text-align: center;\">STENDHAL ET LES \u00ab\u00a0VALEURS R\u00c9PUBLICAINES\u00a0\u00bb<\/p>\n<p style=\"text-align: center;\">Appel \u00e0 communication<\/p>\n<p>Comme le mot d\u2019ordre du moment est au rassemblement autour des \u00ab\u00a0valeurs r\u00e9publicaines\u00a0\u00bb, ce colloque propose un retour \u00e0 Stendhal politique, historien et sociologue, plus pr\u00e9cis\u00e9ment au\u00a0\u00a0 \u00ab\u00a0r\u00e9publicain virtuel\u00a0\u00bb doutant de l\u2019id\u00e9alisme r\u00e9publicain dans lequel il voit un moralisme qui pr\u00e9tend\u00a0 \u00ab\u00a0rep\u00e9trir\u00a0\u00bb les Fran\u00e7ais. Ses go\u00fbts et ses pr\u00e9jug\u00e9s aristocratiques n\u2019ont pas emp\u00each\u00e9 le \u00ab\u00a0lib\u00e9ral\u00a0\u00bb qu\u2019il \u00e9tait de se r\u00e9jouir de l\u2019\u00e9galit\u00e9 de tous les citoyens \u2013 il voulait le bonheur du peuple mais disait en m\u00eame temps ne pas pouvoir le supporter\u00a0 ?\u00a0 et de r\u00e9fl\u00e9chir aux \u00e9l\u00e9ments du bonheur social dans la France r\u00e9volutionn\u00e9e. Il sait que la R\u00e9publique n\u2019est pas lib\u00e9rale, par\u00a0\u00a0 trop asc\u00e9tique ou morose \u00e0 son go\u00fbt, et que la libert\u00e9 politique ne va pas sans contraintes. Au premier rang des \u00ab\u00a0valeurs r\u00e9publicaines\u00a0\u00bb, il place la libert\u00e9 qui suppose un effort sur soi, sans exclure l\u2019affirmation d\u2019un moi singulier constamment revendiqu\u00e9e. Contrairement \u00e0 l\u2019id\u00e9ologie industrialiste, ces valeurs devraient permettre d\u2019\u00e9chapper \u00e0 l\u2019emprise de l\u2019argent et \u00e0 la g\u00e9n\u00e9ralisation de l\u2019\u00e9go\u00efsme moderne auquel se r\u00e9duit l\u2019id\u00e9al bourgeois.<br \/>\nPersuad\u00e9 que le r\u00e9gime d\u00e9mocratique est le meilleur puisqu\u2019il assure le \u00ab\u00a0bonheur du plus grand nombre\u00a0\u00bb, Stendhal lecteur de Montesquieu (\u00ab\u00a0l\u2019amour de la d\u00e9mocratie est celui de l\u2019\u00e9galit\u00e9\u00a0\u00bb) m\u00e9dite l\u2019exemple am\u00e9ricain plut\u00f4t d\u00e9sesp\u00e9rant et s\u2019interroge sur les conditions et les modalit\u00e9s d\u2019une vraie vie d\u00e9mocratique\u00a0: la libert\u00e9, mais \u00e0 quel prix\u00a0? comment vivre ensemble et \u00e9chapper \u00e0 la tyrannie de la d\u00e9mocratie qui \u00e9galise les hommes, \u00e0 \u00ab\u00a0l\u2019effet de l\u2019id\u00e9e nivelante\u00a0\u00bb qui r\u00e9duit le plaisir \u00e0 la loi\u00a0? Qu\u2019en est-il\u00a0 alors du bonheur individuel, de la vie selon le c\u0153ur\u00a0?<br \/>\nDans sa carri\u00e8re de penseur et de romancier, on \u00e9voquera sa mise en question de l\u2019homme moderne,\u00a0 sa conception de l\u2019exercice de la volont\u00e9 g\u00e9n\u00e9rale, en quoi il se distingue de lib\u00e9raux comme Constant et Tocqueville, et sa lucidit\u00e9 face \u00e0 \u00ab\u00a0la grande machine de la civilisation\u00a0\u00bb qui assurerait la libert\u00e9 politique mais supprimerait la passion.<\/p>\n<p>Propositions de communication \u00e0 adresser par courriel<br \/>\navant le 9 janvier 2017, \u00e0\u00a0:<\/p>\n<p>Michel Crouzet\u00a0\u00a0\u00a0\u00a0\u00a0\u00a0\u00a0\u00a0\u00a0 : mj.crouzet@wanadoo.fr<br \/>\nMichel Arrous\u00a0\u00a0\u00a0\u00a0\u00a0\u00a0\u00a0\u00a0\u00a0\u00a0\u00a0 : michel.arrous@gmail.com<br \/>\nou Didier Philippot\u00a0\u00a0\u00a0 : philippot.didier@wanadoo.fr<\/p>\n","protected":false},"excerpt":{"rendered":"<p>STENDHAL AUJOURD\u2019HUI HB\u00a0 Revue internationale d\u2019\u00e9tudes stendhaliennes COLLOQUE INTERNATIONAL 24 et 25 mars 2017 Universit\u00e9 Paris-Sorbonne-Paris IV Maison de la Recherche de Paris-Sorbonne 28, rue Serpente, 75006 Paris STENDHAL ET LES \u00ab\u00a0VALEURS R\u00c9PUBLICAINES\u00a0\u00bb Appel \u00e0 communication Comme le mot d\u2019ordre &hellip; <a href=\"https:\/\/stendhal.fr\/?p=1126\">Continuer la lecture <span class=\"meta-nav\">&rarr;<\/span><\/a><\/p>\n","protected":false},"author":1,"featured_media":0,"comment_status":"closed","ping_status":"closed","sticky":false,"template":"","format":"standard","meta":{"jetpack_post_was_ever_published":false,"_jetpack_newsletter_access":"","_jetpack_dont_email_post_to_subs":false,"_jetpack_newsletter_tier_id":0,"_jetpack_memberships_contains_paywalled_content":false,"_jetpack_memberships_contains_paid_content":false,"footnotes":"","jetpack_publicize_message":"","jetpack_publicize_feature_enabled":true,"jetpack_social_post_already_shared":true,"jetpack_social_options":{"image_generator_settings":{"template":"highway","default_image_id":0,"font":"","enabled":false},"version":2}},"categories":[14],"tags":[],"class_list":["post-1126","post","type-post","status-publish","format-standard","hentry","category-appel-a-contribution"],"jetpack_publicize_connections":[],"jetpack_featured_media_url":"","jetpack_sharing_enabled":true,"jetpack_shortlink":"https:\/\/wp.me\/p34K8b-ia","jetpack_likes_enabled":true,"_links":{"self":[{"href":"https:\/\/stendhal.fr\/index.php?rest_route=\/wp\/v2\/posts\/1126","targetHints":{"allow":["GET"]}}],"collection":[{"href":"https:\/\/stendhal.fr\/index.php?rest_route=\/wp\/v2\/posts"}],"about":[{"href":"https:\/\/stendhal.fr\/index.php?rest_route=\/wp\/v2\/types\/post"}],"author":[{"embeddable":true,"href":"https:\/\/stendhal.fr\/index.php?rest_route=\/wp\/v2\/users\/1"}],"replies":[{"embeddable":true,"href":"https:\/\/stendhal.fr\/index.php?rest_route=%2Fwp%2Fv2%2Fcomments&post=1126"}],"version-history":[{"count":5,"href":"https:\/\/stendhal.fr\/index.php?rest_route=\/wp\/v2\/posts\/1126\/revisions"}],"predecessor-version":[{"id":1131,"href":"https:\/\/stendhal.fr\/index.php?rest_route=\/wp\/v2\/posts\/1126\/revisions\/1131"}],"wp:attachment":[{"href":"https:\/\/stendhal.fr\/index.php?rest_route=%2Fwp%2Fv2%2Fmedia&parent=1126"}],"wp:term":[{"taxonomy":"category","embeddable":true,"href":"https:\/\/stendhal.fr\/index.php?rest_route=%2Fwp%2Fv2%2Fcategories&post=1126"},{"taxonomy":"post_tag","embeddable":true,"href":"https:\/\/stendhal.fr\/index.php?rest_route=%2Fwp%2Fv2%2Ftags&post=1126"}],"curies":[{"name":"wp","href":"https:\/\/api.w.org\/{rel}","templated":true}]}}