{"id":1123,"date":"2016-07-22T14:46:31","date_gmt":"2016-07-22T13:46:31","guid":{"rendered":"http:\/\/www.stendhal.fr\/?p=1123"},"modified":"2016-07-22T14:46:31","modified_gmt":"2016-07-22T13:46:31","slug":"les-faces-cachees-du-pseudonyme-de-stendhal-french-edition-kindle-edition-olivier-hertoux","status":"publish","type":"post","link":"https:\/\/stendhal.fr\/?p=1123","title":{"rendered":"Les faces cach\u00e9es du pseudonyme de Stendhal (French Edition) Kindle Edition Olivier Hertoux"},"content":{"rendered":"<p style=\"text-align: center;\"><em><strong>Les faces cach\u00e9es du pseudonyme de Stendhal<\/strong><\/em> (French Edition) Kindle Edition<br \/>\nOlivier Hertoux<\/p>\n<p><a href=\"https:\/\/www.amazon.com\/faces-cach%C3%A9es-pseudonyme-Stendhal-French-ebook\/dp\/B01IP45O26#navbar\" target=\"_blank\">https:\/\/www.amazon.com\/faces-cach%C3%A9es-pseudonyme-Stendhal-French-ebook\/dp\/B01IP45O26#navbar<\/a><\/p>\n<p style=\"text-align: left;\">Henri Beyle alias Stendhal, l&rsquo;illustre auteur des livres \u00ab\u00a0le Rouge et le Noir\u00a0\u00bb et\u00a0 \u00ab\u00a0la Chartreuse de Parme\u00a0\u00bb, a utilis\u00e9 plus de 250 pseudonymes\u00a0(Marquis de Curzay, Bombet, Odile Watier&#8230;)<br \/>\nSa devise : n&rsquo;\u00eatre pas devin\u00e9. Un style d&rsquo;\u00e9criture tout en nuances, \u00ab\u00a0Intelligenti Pauca\u00a0\u00bb (\u00e0 qui sait comprendre, peu de mots suffisent). Contrairement \u00e0 l&rsquo;id\u00e9e r\u00e9pandue, le pseudonyme de Stendhal n&rsquo;est pas issu de la ville d&rsquo;Allemagne.<br \/>\nCet essai propose de d\u00e9couvrir au travers de l&rsquo;\u00e9tude du pseudonyme : sa personnalit\u00e9, son travail litt\u00e9raire, la personne tant admir\u00e9e pour laquelle il adopte le nom de Stendhal.<\/p>\n","protected":false},"excerpt":{"rendered":"<p>Les faces cach\u00e9es du pseudonyme de Stendhal (French Edition) Kindle Edition Olivier Hertoux https:\/\/www.amazon.com\/faces-cach%C3%A9es-pseudonyme-Stendhal-French-ebook\/dp\/B01IP45O26#navbar Henri Beyle alias Stendhal, l&rsquo;illustre auteur des livres \u00ab\u00a0le Rouge et le Noir\u00a0\u00bb et\u00a0 \u00ab\u00a0la Chartreuse de Parme\u00a0\u00bb, a utilis\u00e9 plus de 250 pseudonymes\u00a0(Marquis de Curzay, &hellip; <a href=\"https:\/\/stendhal.fr\/?p=1123\">Continuer la lecture <span class=\"meta-nav\">&rarr;<\/span><\/a><\/p>\n","protected":false},"author":1,"featured_media":0,"comment_status":"closed","ping_status":"closed","sticky":false,"template":"","format":"standard","meta":{"jetpack_post_was_ever_published":false,"_jetpack_newsletter_access":"","_jetpack_dont_email_post_to_subs":false,"_jetpack_newsletter_tier_id":0,"_jetpack_memberships_contains_paywalled_content":false,"_jetpack_memberships_contains_paid_content":false,"footnotes":"","jetpack_publicize_message":"","jetpack_publicize_feature_enabled":true,"jetpack_social_post_already_shared":true,"jetpack_social_options":{"image_generator_settings":{"template":"highway","default_image_id":0,"font":"","enabled":false},"version":2}},"categories":[2],"tags":[],"class_list":["post-1123","post","type-post","status-publish","format-standard","hentry","category-nouvelles-publications"],"jetpack_publicize_connections":[],"jetpack_featured_media_url":"","jetpack_sharing_enabled":true,"jetpack_shortlink":"https:\/\/wp.me\/p34K8b-i7","jetpack_likes_enabled":true,"_links":{"self":[{"href":"https:\/\/stendhal.fr\/index.php?rest_route=\/wp\/v2\/posts\/1123","targetHints":{"allow":["GET"]}}],"collection":[{"href":"https:\/\/stendhal.fr\/index.php?rest_route=\/wp\/v2\/posts"}],"about":[{"href":"https:\/\/stendhal.fr\/index.php?rest_route=\/wp\/v2\/types\/post"}],"author":[{"embeddable":true,"href":"https:\/\/stendhal.fr\/index.php?rest_route=\/wp\/v2\/users\/1"}],"replies":[{"embeddable":true,"href":"https:\/\/stendhal.fr\/index.php?rest_route=%2Fwp%2Fv2%2Fcomments&post=1123"}],"version-history":[{"count":1,"href":"https:\/\/stendhal.fr\/index.php?rest_route=\/wp\/v2\/posts\/1123\/revisions"}],"predecessor-version":[{"id":1124,"href":"https:\/\/stendhal.fr\/index.php?rest_route=\/wp\/v2\/posts\/1123\/revisions\/1124"}],"wp:attachment":[{"href":"https:\/\/stendhal.fr\/index.php?rest_route=%2Fwp%2Fv2%2Fmedia&parent=1123"}],"wp:term":[{"taxonomy":"category","embeddable":true,"href":"https:\/\/stendhal.fr\/index.php?rest_route=%2Fwp%2Fv2%2Fcategories&post=1123"},{"taxonomy":"post_tag","embeddable":true,"href":"https:\/\/stendhal.fr\/index.php?rest_route=%2Fwp%2Fv2%2Ftags&post=1123"}],"curies":[{"name":"wp","href":"https:\/\/api.w.org\/{rel}","templated":true}]}}