{"id":1113,"date":"2016-06-16T10:37:41","date_gmt":"2016-06-16T09:37:41","guid":{"rendered":"http:\/\/www.stendhal.fr\/?p=1113"},"modified":"2016-06-16T10:37:41","modified_gmt":"2016-06-16T09:37:41","slug":"h-b-revue-internationale-detudes-stendhaliennes-n-20-stendhal-et-le-recit-bref-m-arrous-dir","status":"publish","type":"post","link":"https:\/\/stendhal.fr\/?p=1113","title":{"rendered":"H.B., revue internationale d&rsquo;\u00e9tudes stendhaliennes, n\u00b0 20 : \u00ab\u00a0Stendhal et le r\u00e9cit bref\u00a0\u00bb (M. Arrous, dir.)"},"content":{"rendered":"<p style=\"text-align: center;\"><em><strong>H.B., revue internationale d&rsquo;\u00e9tudes stendhaliennes<\/strong><\/em><\/p>\n<p style=\"text-align: center;\"><strong>N\u00b0 20 : \u00ab\u00a0Stendhal et le r\u00e9cit bref\u00a0\u00bb (M. Arrous, dir.<\/strong>)<\/p>\n<p style=\"text-align: center;\">2016, Paris<\/p>\n<p style=\"text-align: center;\"><a title=\"Euredit\" href=\"http:\/\/www.euredit-editions.com\/\" target=\"_blank\"> Eur\u00e9dit <\/a><\/p>\n<p style=\"text-align: center;\">un vol. 17 x 24,5 cm, 428 p. Prix public France\u00a0: 83 \u20ac ttc<\/p>\n<p style=\"text-align: center;\">ISBN\u00a0: 978-2-84830-210-2<br \/>\nISSN\u00a0: 1287-3209<\/p>\n<p><strong>SOMMAIRE<\/strong><\/p>\n<p><strong>HOMMAGE A GEORGES BLIN (1917-2015)<\/strong><\/p>\n<p>\u00ab\u00a0L&rsquo;Agent voyer\u00a0\u00bb par Michel Crouzet (pp. 7-16)<\/p>\n<p><strong>DOSSIER \u00ab\u00a0STENDHAL ET LE R\u00c9CIT BREF\u00a0\u00bb<\/strong><\/p>\n<p><strong>Colloque \u2013 Paris- Sorbonne \u2013 6 et 7 f\u00e9vrier 2015? Textes r\u00e9unis et pr\u00e9sent\u00e9s par? Michel ARROUS<\/strong><\/p>\n<p>Pr\u00e9sentation? par Michel Arrous<\/p>\n<p>Bref panorama du r\u00e9cit bref stendhalien ?par Nicolas Allard<\/p>\n<p>Du journal \u00e0 l\u2019\u00e9pitaphe\u00a0: histoire d\u2019un effort? d\u2019abr\u00e9viation autobiographique par Antoine Guibal<\/p>\n<p>Enjeux narratifs, stylistiques et symboliques ?du r\u00e9cit bref dans <em>Le Juif<\/em> de Stendhal? par M\u00e9k\u00e9 M\u00e9it\u00e9<\/p>\n<p>Mina de Vanghel ou le filet d\u2019Ottilie ?par Lydia Bauer<\/p>\n<p><em>De l\u2019amour<\/em> et le r\u00e9cit bref ?par Encarnaci\u00f3n Medina Arjona<\/p>\n<p>Les <em>Chroniques italiennes\u00a0<\/em>: Stendhal \u00e0 la recherche d\u2019une forme ?par Yvon Houssais<\/p>\n<p>Les femmes dans les <em>Chroniques italiennes\u00a0<\/em>: une h\u00e9ro\u00efne invent\u00e9e\u00a0?? par Concetta Angelone<\/p>\n<p>Le manuscrit retrouv\u00e9 de <em>L\u2019Abbesse de Castro<\/em>\u00a0:?Stendhal entre \u00e9criture de l\u2019histoire, \u00e9rudition et commerce des livres?par Lisa Roscioni<\/p>\n<p>De la nouvelle au roman\u00a0: Aldomen ou le petit Oberman? par Nicolas Perot<\/p>\n<p><em>Rome, Naples et Florence<\/em> ou l\u2019exercice de la bri\u00e8vet\u00e9? par Thierry Ozwald<\/p>\n<p>Les anecdotes r\u00e9v\u00e9latrices du g\u00e9nie d\u2019un peuple ?dans les <em>Promenades dans Rome<\/em>? par Pierrette Pavet<\/p>\n<p>Anecdotes et r\u00e9cits dans <em>De l\u2019amour<\/em> et la <em>Physiologie du mariage?<\/em> par Max Andr\u00e9oli<\/p>\n<p>Stendhal et les r\u00e9cits brefs biographiques dans les <em>\u00c9coles italiennes? de peinture<\/em>\u00a0: \u00e9chos et port\u00e9es? par Christopher Thompson<\/p>\n<p><em>Les Privil\u00e8ges du 10 avril 1840<\/em>, r\u00e9cit court et contrat magique? dans les <em>Promenades dans Rome?<\/em> par Suzel Esquier<\/p>\n<p>Les petits r\u00e9cits d\u00e9monstratifs que Stendhal met dans <em>De l\u2019amour<\/em>\u00a0:?Proust et le comte Delfante ?par Luc Fraisse<\/p>\n<p><strong>VARIA<\/strong><\/p>\n<p><strong>Journ\u00e9e d\u2019\u00e9tudes, Paris Ouest, novembre 2013?\u00ab\u00a0Boniface de La Mole et Marguerite de Navarre? dans les ann\u00e9es 1830. <em>Le Rouge et le Noir<\/em> et <em>La Reine Margot\u00a0<\/em>\u00bb<\/strong><\/p>\n<p>Pr\u00e9sentation? par Sylvie Thorel<\/p>\n<p>La couleur du pr\u00e9sent ?par Sylvie Thorel et Claude Jamain<\/p>\n<p>Mathilde de La Mole ou la d\u00e9cadence moderne? de l\u2019\u00e9nergie passionnelle? par Michel Crouzet<\/p>\n<p>Mathilde Marguerite de La Mole, romanesque et sublime? par Michel Arrous<\/p>\n<p>Le complot des ultras? par Frank Lestringant<\/p>\n<p>Stendhal\u00a0: le romanesque comme construction de soi? par Catherine Mariette<\/p>\n<p>La part d\u2019illusion d\u2019un artisan de la gloire. Alain lecteur de Stendhal? par Patrick Attali<\/p>\n<p>Les variantes de l\u2019\u00e9dition Hetzel de <em>La Chartreuse de Parme?<\/em> par Nobuhiro Takaki<\/p>\n<p>Le romanesque de l\u2019honneur dans <em>L\u2019Abbesse de Castro?<\/em> par Makoto Uesugi<\/p>\n<p><strong>NOTES<\/strong><\/p>\n<p>Charles Monselet, pr\u00e9face d\u2019<em>Armance<\/em> (1853) ?par Michel Arrous<\/p>\n<p>Retour \u00e0 Waterloo\u00a0: \u00ab\u00a0le paradoxe attribu\u00e9 \u00e0 Stendhal\u00a0\u00bb?par MichelArrous<\/p>\n<p><em>Noir et Or<\/em>, chronique de 2012 ?par Merete Gerlach-Nielsen<\/p>\n<p>Pierre Berg\u00e9 donne le livre de chevet de Stendhal ?\u00e0 la Biblioth\u00e8que municipale de Grenoble ?par Jacques Houbert<\/p>\n<p>Bibliographie stendhalienne \u2013 Ventes 2015? par Jacques Houbert<\/p>\n<p>\u00c9tat pr\u00e9sent des \u00e9tudes stendhaliennes et m\u00e9rim\u00e9ennes ?au Japon (2010-2015) ?par Akemi Yamamoto<\/p>\n<p><em>Le Rouge et le Noir<\/em>, version pop rock ?par Michel Arrous<\/p>\n<p><strong>LIVRES<\/strong><\/p>\n<p>Maria Scott, <em>Stendhal, la libert\u00e9 et les h\u00e9ro\u00efnes mal aim\u00e9es<\/em>, Classiques Garnier, 2015 (P.\u00a0Pavet). Mamadou Ould Dahmed, <em>Le H\u00e9ros monstrueux, une lecture psychanalytique du personnage romanesque de Stendhal<\/em>, L\u2019Harmattan, 2015 (Th. Ozwald). C\u00e9line Frigau Manning, <em>Chanteurs en sc\u00e8ne. L\u2019\u0152il du spectateur au Th\u00e9\u00e2tre-Italien (1815-1848)<\/em>,\u00a0 Champion, 2014 (M. Arrous). Silvio Serangeli, <em>Il console Stendhal e la \u00ab\u00a0petite ville\u00a0\u00bb di Civitavecchia<\/em>, presentazione di Massimo Colesanti, C.I.R.V.I., 2014 (M. Arrous). <em>Stendhal et l\u2019h\u00e9ro\u00efsme au f\u00e9minin.<\/em> Actes du colloque de Paris-Sorbonne, 29-30 mars 2013, \u00e9tudes r\u00e9unies et pr\u00e9sent\u00e9es par Michel Arrous, Eur\u00e9dit, 2015 (B. Dimopoulou). Anna Opiela, <em>La Musique dans la pens\u00e9e et dans l\u2019\u0153uvre de Stendhal et de Nerval,<\/em> Champion, 2015 (N.\u00a0Perot). Michel Crouzet, <em>Stendhal. H\u00e9ro\u00efsme \u2013 Nation \u2013 Religion,<\/em> Eur\u00e9dit, 2015 (M.\u00a0Arrous). <em>Stendhal, M\u00e9rim\u00e9e et les \u00e9crivains romantiques. Le sang, la violence et la mort.<\/em> Actes du colloque de Paris-INHA Sorbonne, 5-6 octobre 2007, \u00e9tudes r\u00e9unies et pr\u00e9sent\u00e9es par Michel Arrous, Eur\u00e9dit, 2016 (L. Bauer). <em>Cahiers M\u00e9rim\u00e9e<\/em>, Classiques Garnier, n\u00b0 7, 2015 (Cl. R\u00e9qu\u00e9na).<\/p>\n","protected":false},"excerpt":{"rendered":"<p>H.B., revue internationale d&rsquo;\u00e9tudes stendhaliennes N\u00b0 20 : \u00ab\u00a0Stendhal et le r\u00e9cit bref\u00a0\u00bb (M. Arrous, dir.) 2016, Paris Eur\u00e9dit un vol. 17 x 24,5 cm, 428 p. Prix public France\u00a0: 83 \u20ac ttc ISBN\u00a0: 978-2-84830-210-2 ISSN\u00a0: 1287-3209 SOMMAIRE HOMMAGE A &hellip; <a href=\"https:\/\/stendhal.fr\/?p=1113\">Continuer la lecture <span class=\"meta-nav\">&rarr;<\/span><\/a><\/p>\n","protected":false},"author":1,"featured_media":0,"comment_status":"closed","ping_status":"closed","sticky":false,"template":"","format":"standard","meta":{"jetpack_post_was_ever_published":false,"_jetpack_newsletter_access":"","_jetpack_dont_email_post_to_subs":false,"_jetpack_newsletter_tier_id":0,"_jetpack_memberships_contains_paywalled_content":false,"_jetpack_memberships_contains_paid_content":false,"footnotes":"","jetpack_publicize_message":"","jetpack_publicize_feature_enabled":true,"jetpack_social_post_already_shared":true,"jetpack_social_options":{"image_generator_settings":{"template":"highway","default_image_id":0,"font":"","enabled":false},"version":2}},"categories":[2],"tags":[],"class_list":["post-1113","post","type-post","status-publish","format-standard","hentry","category-nouvelles-publications"],"jetpack_publicize_connections":[],"jetpack_featured_media_url":"","jetpack_sharing_enabled":true,"jetpack_shortlink":"https:\/\/wp.me\/p34K8b-hX","jetpack_likes_enabled":true,"_links":{"self":[{"href":"https:\/\/stendhal.fr\/index.php?rest_route=\/wp\/v2\/posts\/1113","targetHints":{"allow":["GET"]}}],"collection":[{"href":"https:\/\/stendhal.fr\/index.php?rest_route=\/wp\/v2\/posts"}],"about":[{"href":"https:\/\/stendhal.fr\/index.php?rest_route=\/wp\/v2\/types\/post"}],"author":[{"embeddable":true,"href":"https:\/\/stendhal.fr\/index.php?rest_route=\/wp\/v2\/users\/1"}],"replies":[{"embeddable":true,"href":"https:\/\/stendhal.fr\/index.php?rest_route=%2Fwp%2Fv2%2Fcomments&post=1113"}],"version-history":[{"count":6,"href":"https:\/\/stendhal.fr\/index.php?rest_route=\/wp\/v2\/posts\/1113\/revisions"}],"predecessor-version":[{"id":1119,"href":"https:\/\/stendhal.fr\/index.php?rest_route=\/wp\/v2\/posts\/1113\/revisions\/1119"}],"wp:attachment":[{"href":"https:\/\/stendhal.fr\/index.php?rest_route=%2Fwp%2Fv2%2Fmedia&parent=1113"}],"wp:term":[{"taxonomy":"category","embeddable":true,"href":"https:\/\/stendhal.fr\/index.php?rest_route=%2Fwp%2Fv2%2Fcategories&post=1113"},{"taxonomy":"post_tag","embeddable":true,"href":"https:\/\/stendhal.fr\/index.php?rest_route=%2Fwp%2Fv2%2Ftags&post=1113"}],"curies":[{"name":"wp","href":"https:\/\/api.w.org\/{rel}","templated":true}]}}