{"id":1110,"date":"2016-05-18T09:23:36","date_gmt":"2016-05-18T08:23:36","guid":{"rendered":"http:\/\/www.stendhal.fr\/?p=1110"},"modified":"2016-05-18T09:23:36","modified_gmt":"2016-05-18T08:23:36","slug":"vente-edition-originale-de-la-chartreuse-de-parme","status":"publish","type":"post","link":"https:\/\/stendhal.fr\/?p=1110","title":{"rendered":"Vente \u00e9dition originale de \u00ab\u00a0La Chartreuse de Parme\u00a0\u00bb"},"content":{"rendered":"<p>\u00ab\u00a0A la vente de la soci\u00e9t\u00e9 Pierre Berg\u00e9 \u00e0 Drouot, collection Michel Audiard, 12 mai 2016, expert M. A. Sinibaldi, un exemplaire de l&rsquo;\u00e9dition originale de \u00ab\u00a0La Chartreuse de Parme\u00a0\u00bb, A. Dupont, 1839, en reliure moderne, les deux tomes en un vol in-8, demi-maroquin aubergine \u00e0 grain long, dos orn\u00e9 en long d&rsquo;un d\u00e9cor romantique dor\u00e9, tranches lisses, portant cet envoi: \u00ab\u00a0A Monsieur le Comte de Pastoret \/ avec les complimens de \/ l&rsquo;auteur\u00a0\u00bb, a obtenu 62.000 \u20ac (sans les frais) sur estimation de 15\/20.000 \u20ac. Am\u00e9d\u00e9e de Pastoret (1791-1857) avait \u00e9t\u00e9 le coll\u00e8gue de Beyle au Conseil d&rsquo;Etat o\u00f9 ils avaient \u00e9t\u00e9 faits tous deux auditeurs. Ils se retrouv\u00e8rent \u00e0 la campagne de Russie et \u00e0 celle d&rsquo;Allemagne en 1813. Ils ont \u00e9t\u00e9 particuli\u00e8rement li\u00e9s de 1821 \u00e0 1830. \u00ab\u00a0La Chartreuse\u00a0\u00bb avec envoi est tr\u00e8s rare.\u00a0\u00bb<\/p>\n<p>Jacques Houbert<\/p>\n","protected":false},"excerpt":{"rendered":"<p>\u00ab\u00a0A la vente de la soci\u00e9t\u00e9 Pierre Berg\u00e9 \u00e0 Drouot, collection Michel Audiard, 12 mai 2016, expert M. A. Sinibaldi, un exemplaire de l&rsquo;\u00e9dition originale de \u00ab\u00a0La Chartreuse de Parme\u00a0\u00bb, A. Dupont, 1839, en reliure moderne, les deux tomes en &hellip; <a href=\"https:\/\/stendhal.fr\/?p=1110\">Continuer la lecture <span class=\"meta-nav\">&rarr;<\/span><\/a><\/p>\n","protected":false},"author":1,"featured_media":0,"comment_status":"closed","ping_status":"closed","sticky":false,"template":"","format":"standard","meta":{"jetpack_post_was_ever_published":false,"_jetpack_newsletter_access":"","_jetpack_dont_email_post_to_subs":false,"_jetpack_newsletter_tier_id":0,"_jetpack_memberships_contains_paywalled_content":false,"_jetpack_memberships_contains_paid_content":false,"footnotes":"","jetpack_publicize_message":"","jetpack_publicize_feature_enabled":true,"jetpack_social_post_already_shared":true,"jetpack_social_options":{"image_generator_settings":{"template":"highway","default_image_id":0,"font":"","enabled":false},"version":2}},"categories":[8],"tags":[],"class_list":["post-1110","post","type-post","status-publish","format-standard","hentry","category-ventes-aux-encheres"],"jetpack_publicize_connections":[],"jetpack_featured_media_url":"","jetpack_sharing_enabled":true,"jetpack_shortlink":"https:\/\/wp.me\/p34K8b-hU","jetpack_likes_enabled":true,"_links":{"self":[{"href":"https:\/\/stendhal.fr\/index.php?rest_route=\/wp\/v2\/posts\/1110","targetHints":{"allow":["GET"]}}],"collection":[{"href":"https:\/\/stendhal.fr\/index.php?rest_route=\/wp\/v2\/posts"}],"about":[{"href":"https:\/\/stendhal.fr\/index.php?rest_route=\/wp\/v2\/types\/post"}],"author":[{"embeddable":true,"href":"https:\/\/stendhal.fr\/index.php?rest_route=\/wp\/v2\/users\/1"}],"replies":[{"embeddable":true,"href":"https:\/\/stendhal.fr\/index.php?rest_route=%2Fwp%2Fv2%2Fcomments&post=1110"}],"version-history":[{"count":1,"href":"https:\/\/stendhal.fr\/index.php?rest_route=\/wp\/v2\/posts\/1110\/revisions"}],"predecessor-version":[{"id":1111,"href":"https:\/\/stendhal.fr\/index.php?rest_route=\/wp\/v2\/posts\/1110\/revisions\/1111"}],"wp:attachment":[{"href":"https:\/\/stendhal.fr\/index.php?rest_route=%2Fwp%2Fv2%2Fmedia&parent=1110"}],"wp:term":[{"taxonomy":"category","embeddable":true,"href":"https:\/\/stendhal.fr\/index.php?rest_route=%2Fwp%2Fv2%2Fcategories&post=1110"},{"taxonomy":"post_tag","embeddable":true,"href":"https:\/\/stendhal.fr\/index.php?rest_route=%2Fwp%2Fv2%2Ftags&post=1110"}],"curies":[{"name":"wp","href":"https:\/\/api.w.org\/{rel}","templated":true}]}}