{"id":1102,"date":"2016-04-27T10:09:02","date_gmt":"2016-04-27T09:09:02","guid":{"rendered":"http:\/\/www.stendhal.fr\/?p=1102"},"modified":"2016-04-27T10:09:02","modified_gmt":"2016-04-27T09:09:02","slug":"stendhal-romantique-stendhal-et-les-romantismes-europeens-sous-la-direction-de-marie-rose-corredor","status":"publish","type":"post","link":"https:\/\/stendhal.fr\/?p=1102","title":{"rendered":"Stendhal \u00ab Romantique \u00bb ? Stendhal et les romantismes europ\u00e9ens Sous la direction de Marie-Rose Corredor"},"content":{"rendered":"<p style=\"text-align: center;\"><em><strong>Stendhal \u00ab\u00a0Romantique\u00a0\u00bb\u00a0? Stendhal et les romantismes europ\u00e9ens<\/strong><\/em><br \/>\nSous la direction de Marie-Rose Corredor<\/p>\n<p style=\"text-align: center;\">\nELLUG<\/p>\n<p style=\"text-align: center;\"><a title=\"Ellug\" href=\"http:\/\/ellug.u-grenoble3.fr\/fr\/actualites\/nouveautes\/\" target=\"_blank\">http:\/\/ellug.u-grenoble3.fr\/fr\/actualites\/nouveautes\/<\/a><\/p>\n<p>Prix 24 \u20ac<br \/>\nParu le 25 avril 2016<br \/>\nR\u00e9f\u00e9rences 9782843103216<\/p>\n<p style=\"text-align: left;\">\n<p>R\u00e9sum\u00e9<br \/>\nSont envisag\u00e9s ici des aspects historiques, philosophiques et esth\u00e9tiques dont la synth\u00e8se est indispensable pour une meilleure approche de la complexit\u00e9 du \u00ab\u00a0romantisme\u00a0\u00bb de Stendhal.<br \/>\nDescription<br \/>\nStendhal \u00ab\u00a0romantique\u00a0\u00bb\u00a0? La question, complexe, toujours controvers\u00e9e, doit \u00eatre contextualis\u00e9e dans le cadre des \u00ab\u00a0romantismes\u00a0\u00bb europ\u00e9ens auxquels Stendhal est confront\u00e9 en parcourant \u00adl\u2019Europe, \u00ab\u00a0de Naples \u00e0 Moscou\u00a0\u00bb, selon ses dires. \u00ab\u00a0Romanticisme\u00a0\u00bb, d\u2019abord, par influence italienne \u00e0 Milan et lecture de la presse anglaise, mais aussi \u00e9chos de l\u2019Op\u00e9ra \u00e0 Vienne, contributions de la biblioth\u00e8que cosmopolite de \u00adWolffenb\u00fcttel et glaces de la retraite de Russie qui sonnent le glas de l\u2019esth\u00e9tique classique. Passeur d\u2019id\u00e9es, familier des \u00ab\u00a0voies de transmissions\u00a0\u00bb comme le cabinet Vieusseux \u00e0 Florence et des postures transculturelles, Stendhal, qui a affirm\u00e9 que la \u00ab\u00a0R\u00e9volution entre en litt\u00e9rature\u00a0\u00bb adopte une attitude critique qui sert de r\u00e9v\u00e9lateur \u00e0 la mosa\u00efque de l\u2019\u00ab\u00a0Europe romantique\u00a0\u00bb, aux d\u00e9bats fondateurs entre \u00ab\u00a0nation\u00a0\u00bb et \u00ab\u00a0Europe\u00a0\u00bb. Des regards venus de toute l\u2019Europe contribuent ici au d\u00e9bat, qui se trouve \u00e9toff\u00e9 par des documents in\u00e9dits.<\/p>\n<p>Pages\u00a0: 346\u00a0p.<br \/>\nFormat\u00a0: 14\u00a0x\u00a021,5\u00a0cm<br \/>\nISSN\u00a0: 12940658<\/p>\n","protected":false},"excerpt":{"rendered":"<p>Stendhal \u00ab\u00a0Romantique\u00a0\u00bb\u00a0? Stendhal et les romantismes europ\u00e9ens Sous la direction de Marie-Rose Corredor ELLUG http:\/\/ellug.u-grenoble3.fr\/fr\/actualites\/nouveautes\/ Prix 24 \u20ac Paru le 25 avril 2016 R\u00e9f\u00e9rences 9782843103216 R\u00e9sum\u00e9 Sont envisag\u00e9s ici des aspects historiques, philosophiques et esth\u00e9tiques dont la synth\u00e8se est indispensable &hellip; <a href=\"https:\/\/stendhal.fr\/?p=1102\">Continuer la lecture <span class=\"meta-nav\">&rarr;<\/span><\/a><\/p>\n","protected":false},"author":1,"featured_media":0,"comment_status":"closed","ping_status":"closed","sticky":false,"template":"","format":"standard","meta":{"jetpack_post_was_ever_published":false,"_jetpack_newsletter_access":"","_jetpack_dont_email_post_to_subs":false,"_jetpack_newsletter_tier_id":0,"_jetpack_memberships_contains_paywalled_content":false,"_jetpack_memberships_contains_paid_content":false,"footnotes":"","jetpack_publicize_message":"","jetpack_publicize_feature_enabled":true,"jetpack_social_post_already_shared":true,"jetpack_social_options":{"image_generator_settings":{"template":"highway","default_image_id":0,"font":"","enabled":false},"version":2}},"categories":[2],"tags":[],"class_list":["post-1102","post","type-post","status-publish","format-standard","hentry","category-nouvelles-publications"],"jetpack_publicize_connections":[],"jetpack_featured_media_url":"","jetpack_sharing_enabled":true,"jetpack_shortlink":"https:\/\/wp.me\/p34K8b-hM","jetpack_likes_enabled":true,"_links":{"self":[{"href":"https:\/\/stendhal.fr\/index.php?rest_route=\/wp\/v2\/posts\/1102","targetHints":{"allow":["GET"]}}],"collection":[{"href":"https:\/\/stendhal.fr\/index.php?rest_route=\/wp\/v2\/posts"}],"about":[{"href":"https:\/\/stendhal.fr\/index.php?rest_route=\/wp\/v2\/types\/post"}],"author":[{"embeddable":true,"href":"https:\/\/stendhal.fr\/index.php?rest_route=\/wp\/v2\/users\/1"}],"replies":[{"embeddable":true,"href":"https:\/\/stendhal.fr\/index.php?rest_route=%2Fwp%2Fv2%2Fcomments&post=1102"}],"version-history":[{"count":1,"href":"https:\/\/stendhal.fr\/index.php?rest_route=\/wp\/v2\/posts\/1102\/revisions"}],"predecessor-version":[{"id":1103,"href":"https:\/\/stendhal.fr\/index.php?rest_route=\/wp\/v2\/posts\/1102\/revisions\/1103"}],"wp:attachment":[{"href":"https:\/\/stendhal.fr\/index.php?rest_route=%2Fwp%2Fv2%2Fmedia&parent=1102"}],"wp:term":[{"taxonomy":"category","embeddable":true,"href":"https:\/\/stendhal.fr\/index.php?rest_route=%2Fwp%2Fv2%2Fcategories&post=1102"},{"taxonomy":"post_tag","embeddable":true,"href":"https:\/\/stendhal.fr\/index.php?rest_route=%2Fwp%2Fv2%2Ftags&post=1102"}],"curies":[{"name":"wp","href":"https:\/\/api.w.org\/{rel}","templated":true}]}}