{"id":1093,"date":"2016-03-07T15:29:35","date_gmt":"2016-03-07T14:29:35","guid":{"rendered":"http:\/\/www.stendhal.fr\/?p=1093"},"modified":"2016-03-07T15:29:35","modified_gmt":"2016-03-07T14:29:35","slug":"colloque-stendhal-historien-17-18-mars-2016","status":"publish","type":"post","link":"https:\/\/stendhal.fr\/?p=1093","title":{"rendered":"Colloque : \u00ab Stendhal historien \u00bb 17-18 mars 2016"},"content":{"rendered":"<p style=\"text-align: center;\"><strong>Programme du colloque\u00a0: \u00ab\u00a0Stendhal historien\u00a0\u00bb 17-18 mars 2016<\/strong><br \/>\n<strong>Maison des Langues et des Cultures<\/strong><br \/>\n<strong>Universit\u00e9 Grenoble-Alpes<\/strong><br \/>\n<strong>(responsable\u00a0: Catherine Mariette)<\/strong><\/p>\n<p>Comit\u00e9 scientifique\u00a0:<br \/>\nFrancesco Spandri (Universit\u00e9 Rome 3)<br \/>\nDamien Zanone (Universit\u00e9 catholique de Louvain-la-Neuve)<br \/>\nMarie Parmentier (Universit\u00e9 de Poitiers)<br \/>\nMaria Scott (Universit\u00e9 d\u2019Exeter)<br \/>\nG\u00e9rard Gengembre (Universit\u00e9 de Caen)<\/p>\n<p><strong>Jeudi 17 mars 2016<\/strong>\u00a0:<br \/>\n13h30\u00a0: accueil<\/p>\n<p>14h00\u00a0: Conf\u00e9rence pl\u00e9ni\u00e8re\u00a0:<br \/>\nG\u00e9rald Rannaud (Universit\u00e9 Grenoble Alpes)\u00a0: \u00ab\u00a0Stendhal historien\u00a0\u00bb<\/p>\n<p>Avec l\u2019Histoire<br \/>\nPr\u00e9sident de s\u00e9ance\u00a0: Brigitte Diaz<\/p>\n<p>15h00\u00a0: Sylvain Venayre (Universit\u00e9 Grenoble Alpes)\u00a0: \u00ab\u00a0Stendhal, historien en voyage\u00a0: le cas des <em>M\u00e9moires d&rsquo;un touriste\u00a0<\/em>\u00bb<br \/>\n15h30\u00a0: Laure L\u00e9v\u00eaque (Universit\u00e9 de Toulon)\u00a0: \u00ab\u00a0Au d\u00e9tour du moment Guizot\u00a0: les \u201cVoyages en France\u201d ou le <em>Tableau de la France<\/em> de Stendhal\u00a0\u00bb<\/p>\n<p>Discussion<br \/>\nLectures de la Vie de Napol\u00e9on et des <em>M\u00e9moires sur Napol\u00e9on<\/em> (\u00e9tudiants de L1)<\/p>\n<p>17h : Aur\u00e9lien Lignereux\u00a0: \u00ab\u00a0Pratiques historiennes d\u2019une g\u00e9n\u00e9ration\u00a0: Henri Beyle et ses pairs\u00a0\u00bb<br \/>\n17h30\u00a0: Fran\u00e7ois Vanoosthuyse (Universit\u00e9 Sorbonne nouvelle \u2013 Paris\u00a03)\u00a0: \u00ab\u00a0Stendhal et l&rsquo;historiographie bonapartiste\u00a0\u00bb<br \/>\nDiscussion<\/p>\n<p><strong>Vendredi 18 mars matin\u00a0: Histoire, biographie, M\u00e9moires<\/strong><br \/>\nPr\u00e9sident de s\u00e9ance\u00a0: Sylvain Venayre<\/p>\n<p>9h00\u00a0: Francesco Manzini (Universit\u00e9 d\u2019Exeter)\u00a0: \u00ab\u00a0Stendhal, Plutarque et l&rsquo;histoire g\u00e9n\u00e9reuse\u00a0\u00bb<br \/>\n9h30\u00a0: H\u00e9l\u00e8ne Spengler (Universit\u00e9 Grenoble Alpes)\u00a0: \u00ab\u00a0\u201cMaxime\u00a0: sur chaque incident se demander\u00a0: faut-il raconter ceci philosophiquement ou le raconter narrativement selon le syst\u00e8me de l&rsquo;Arioste\u00a0?\u201d La \u201cnarration m\u00eal\u00e9e\u201d dans les <em>M\u00e9moires sur Napol\u00e9on<\/em> (1836) de Stendhal\u00a0\u00bb<br \/>\n10h00\u00a0: Xavier Bourdenet (Universit\u00e9 Paris-Sorbonne)\u00a0: \u00ab\u00a0La voix et le regard\u00a0: biographie, histoire et subjectivit\u00e9 dans les Vies stendhaliennes (<em>Vie de Napol\u00e9on, Vie de Rossini<\/em>)\u00a0\u00bb<\/p>\n<p>Discussion<br \/>\n10h30\u00a0: Lectures de la <em>Vie de Napol\u00e9on<\/em> et des <em>M\u00e9moires sur Napol\u00e9on<\/em> (\u00e9tudiants de L1)<\/p>\n<p>11h00\u00a0: Philippe Jousset (Aix-Marseille Universit\u00e9)\u00a0: \u00ab\u00a0Le comte de S\u00e9gur\u00a0: un autre historien\u00a0\u00bb<br \/>\n11h30\u00a0: Yves Ansel (Universit\u00e9 de Nantes)\u00a0: \u00ab\u00a0L&rsquo;histoire, \u00e7a sert \u00e0 faire la guerre\u00a0\u00bb<\/p>\n<p><strong>Vendredi 18 mars apr\u00e8s-midi\u00a0: Histoire, histoire de soi, fiction<\/strong><br \/>\nPr\u00e9sident de s\u00e9ance\u00a0: Laure L\u00e9v\u00eaque<br \/>\n14h00\u00a0: Brigitte Diaz (Universit\u00e9 de Caen-Basse Normandie)\u00a0: \u00ab\u00a0Stendhal \u201cNarcisse historien\u201d\u00a0: \u00e9criture de soi et \u00e9criture de l&rsquo;histoire dans la <em>Vie de Henry Brulard\u00a0<\/em>\u00bb<br \/>\n14h30\u00a0: Isabella Cristina Stangherlin Santucci (Universit\u00e9 de Campinas, Br\u00e9sil)\u00a0: \u00ab\u00a0Stendhal entre l&rsquo;histoire et la chronique d&rsquo;un si\u00e8cle dans les<em> Chroniques italiennes<\/em>\u00a0\u00bb<br \/>\n15h00\u00a0: Philippe Lammers (Universit\u00e9 de Constance, Allemagne)\u00a0: \u00c9crire l\u2019Histoire des m\u0153urs\u00a0: l\u2019historiographie face au roman dans les<em> Chroniques pour l\u2019Angleterre\u00a0<\/em>\u00bb<br \/>\n15h30\u00a0: Boris Lyon-Caen (Universit\u00e9 Paris-Sorbonne)\u00a0: \u00ab\u00a0Les personnages devant l\u2019histoire (<em>Le Rouge et le Noir\u00a0; La Chartreuse de Parme<\/em>)\u00a0\u00bb<\/p>\n<p>16h\u00a0: Discussion et conclusion du colloque<\/p>\n","protected":false},"excerpt":{"rendered":"<p>Programme du colloque\u00a0: \u00ab\u00a0Stendhal historien\u00a0\u00bb 17-18 mars 2016 Maison des Langues et des Cultures Universit\u00e9 Grenoble-Alpes (responsable\u00a0: Catherine Mariette) Comit\u00e9 scientifique\u00a0: Francesco Spandri (Universit\u00e9 Rome 3) Damien Zanone (Universit\u00e9 catholique de Louvain-la-Neuve) Marie Parmentier (Universit\u00e9 de Poitiers) Maria Scott (Universit\u00e9 &hellip; <a href=\"https:\/\/stendhal.fr\/?p=1093\">Continuer la lecture <span class=\"meta-nav\">&rarr;<\/span><\/a><\/p>\n","protected":false},"author":1,"featured_media":0,"comment_status":"closed","ping_status":"closed","sticky":false,"template":"","format":"standard","meta":{"jetpack_post_was_ever_published":false,"_jetpack_newsletter_access":"","_jetpack_dont_email_post_to_subs":false,"_jetpack_newsletter_tier_id":0,"_jetpack_memberships_contains_paywalled_content":false,"_jetpack_memberships_contains_paid_content":false,"footnotes":"","jetpack_publicize_message":"","jetpack_publicize_feature_enabled":true,"jetpack_social_post_already_shared":true,"jetpack_social_options":{"image_generator_settings":{"template":"highway","default_image_id":0,"font":"","enabled":false},"version":2}},"categories":[6],"tags":[],"class_list":["post-1093","post","type-post","status-publish","format-standard","hentry","category-colloques"],"jetpack_publicize_connections":[],"jetpack_featured_media_url":"","jetpack_sharing_enabled":true,"jetpack_shortlink":"https:\/\/wp.me\/p34K8b-hD","jetpack_likes_enabled":true,"_links":{"self":[{"href":"https:\/\/stendhal.fr\/index.php?rest_route=\/wp\/v2\/posts\/1093","targetHints":{"allow":["GET"]}}],"collection":[{"href":"https:\/\/stendhal.fr\/index.php?rest_route=\/wp\/v2\/posts"}],"about":[{"href":"https:\/\/stendhal.fr\/index.php?rest_route=\/wp\/v2\/types\/post"}],"author":[{"embeddable":true,"href":"https:\/\/stendhal.fr\/index.php?rest_route=\/wp\/v2\/users\/1"}],"replies":[{"embeddable":true,"href":"https:\/\/stendhal.fr\/index.php?rest_route=%2Fwp%2Fv2%2Fcomments&post=1093"}],"version-history":[{"count":2,"href":"https:\/\/stendhal.fr\/index.php?rest_route=\/wp\/v2\/posts\/1093\/revisions"}],"predecessor-version":[{"id":1095,"href":"https:\/\/stendhal.fr\/index.php?rest_route=\/wp\/v2\/posts\/1093\/revisions\/1095"}],"wp:attachment":[{"href":"https:\/\/stendhal.fr\/index.php?rest_route=%2Fwp%2Fv2%2Fmedia&parent=1093"}],"wp:term":[{"taxonomy":"category","embeddable":true,"href":"https:\/\/stendhal.fr\/index.php?rest_route=%2Fwp%2Fv2%2Fcategories&post=1093"},{"taxonomy":"post_tag","embeddable":true,"href":"https:\/\/stendhal.fr\/index.php?rest_route=%2Fwp%2Fv2%2Ftags&post=1093"}],"curies":[{"name":"wp","href":"https:\/\/api.w.org\/{rel}","templated":true}]}}