{"id":1083,"date":"2016-02-22T10:35:29","date_gmt":"2016-02-22T09:35:29","guid":{"rendered":"http:\/\/www.stendhal.fr\/?p=1083"},"modified":"2016-02-22T10:35:29","modified_gmt":"2016-02-22T09:35:29","slug":"stendhal-bonheur-et-melancolie-colloque-organise-par-stendhal-aujourdhui","status":"publish","type":"post","link":"https:\/\/stendhal.fr\/?p=1083","title":{"rendered":"Stendhal : bonheur et m\u00e9lancolie Colloque organis\u00e9 par Stendhal Aujourd\u2019hui"},"content":{"rendered":"<p style=\"text-align: center;\"><strong>Stendhal\u00a0: bonheur et m\u00e9lancolie<\/strong><br \/>\n<strong> Colloque organis\u00e9 par Stendhal Aujourd\u2019hui<\/strong><br \/>\n<strong> Avec la collaboration de HB Revue internationale d\u2019\u00e9tudes stendhaliennes<\/strong><\/p>\n<p style=\"text-align: center;\"><strong>18 et 19 mars 2016 Universit\u00e9 Paris-Sorbonne-Paris IV<\/strong><br \/>\n<strong> Maison de la Recherche, 28 rue Serpente Paris VIe<\/strong><\/p>\n<p style=\"text-align: center;\"><strong>Vendredi 18 mars, salle D 040<\/strong><\/p>\n<p style=\"text-align: center;\">9h Accueil et ouverture de la premi\u00e8re journ\u00e9e<br \/>\n9h15-12h30<\/p>\n<p>Promenades stendhaliennes\u00a0: ces lieux de ravissements et de privations<br \/>\npar M\u00e9k\u00e9 M\u00e9it\u00e9, Universit\u00e9 F\u00e9lix Houphou\u00ebt-Boigny, Abidjan-Cocody<\/p>\n<p>Le silence, le vol des oiseaux dans <em>La Chartreuse de Parme<\/em><br \/>\npar Sascha L\u00fcthy, Universit\u00e9 de Berne<\/p>\n<p>Bonheur et m\u00e9lancolie dans le sigisb\u00e9isme. Stendhal et une singularit\u00e9 italienne<br \/>\npar Makoto Uesugi, Universit\u00e9 Sorbonne Nouvelle-Paris III<\/p>\n<p>10h30 Pause<\/p>\n<p>Une figure faustienne\u00a0? La m\u00e9lancolie d\u2019Octave de Malivert<br \/>\npar Lydia Bauer, Universit\u00e9 de M\u00fcnster<\/p>\n<p>Les amours de Stendhal ou l\u2019art de la m\u00e9lancolie<br \/>\npar Thierry Ozwald, Universit\u00e9 de Limoges<\/p>\n<p style=\"text-align: center;\">14h30-16h30<\/p>\n<p>Comment lire la \u00ab\u00a0chasse au bonheur\u00a0\u00bb dans les nouvelles stendhaliennes\u00a0: <em>Vanina Vanini<\/em> ou le bonheur manqu\u00e9<br \/>\npar Concetta Angelone, Universit\u00e9 de Strasbourg<\/p>\n<p>Stendhal et le bonheur sans amour et sans m\u00e9lancolie<br \/>\npar Serge Link\u00e8s, Universit\u00e9 de La Rochelle<\/p>\n<p>\u00ab\u00a0I am never merry when I hear sweet music\u00a0\u00bb<br \/>\npar Suzel Esquier, CELIS, Universit\u00e9 de Clermont-Ferrand<\/p>\n<p style=\"text-align: center;\">\n<p><strong>Samedi 19 mars, Salle D 035<\/strong><\/p>\n<p style=\"text-align: center;\">\n9h Accueil et ouverture de la deuxi\u00e8me journ\u00e9e<br \/>\n9h15-12h30<\/p>\n<p>Lucidit\u00e9 et illusion dans l\u2019image stendhalienne du bonheur<br \/>\npar Pierrette Pavet, Lyc\u00e9e Descartes Antony<\/p>\n<p>Bonheur, m\u00e9lancolie et musique<br \/>\npar B\u00e9atrice Didier, ENS \/ Ulm<\/p>\n<p>\u00ab\u00a0Une impression profonde re\u00e7ue \u00e0 son entr\u00e9e dans la vie\u00a0\u00bb\u00a0: une d\u00e9finition de la religion comme source de bonheur dans <em>La Chartreuse de Parme<\/em><br \/>\npar Nicolas Perot, Lyc\u00e9e Malherbe, Caen<\/p>\n<p>10h30 Pause<\/p>\n<p>Du bonheur dans <em>Le Rouge et le Noir,<\/em> mot de passe ou mot passe-partout\u00a0?<br \/>\npar Maria Vicenta Hern\u00e1ndez \u00c1lvarez, Universit\u00e9 de Salamanque<\/p>\n<p>Don Carlos selon <em>De l\u2019amour\u00a0<\/em>: une m\u00e9lancolie allemande<br \/>\npar Andr\u00e9e Mansau, Universit\u00e9 de Toulouse-Le Mirail<\/p>\n<p style=\"text-align: center;\">\n14h30-16h30<\/p>\n<p>Le bonheur en uniforme\u00a0?<br \/>\npar Pascale Mc Garry, University College Dublin<\/p>\n<p>L\u2019impossible bonheur\u00a0: ressort du tragique\u00a0?<br \/>\npar Yvon Houssais, Universit\u00e9 de Franche-Comt\u00e9<\/p>\n<p>Stendhal et le bonheur du sacrifice<br \/>\npar Michel Crouzet, Universit\u00e9 Paris-Sorbonne-Paris IV<\/p>\n","protected":false},"excerpt":{"rendered":"<p>Stendhal\u00a0: bonheur et m\u00e9lancolie Colloque organis\u00e9 par Stendhal Aujourd\u2019hui Avec la collaboration de HB Revue internationale d\u2019\u00e9tudes stendhaliennes 18 et 19 mars 2016 Universit\u00e9 Paris-Sorbonne-Paris IV Maison de la Recherche, 28 rue Serpente Paris VIe Vendredi 18 mars, salle D &hellip; <a href=\"https:\/\/stendhal.fr\/?p=1083\">Continuer la lecture <span class=\"meta-nav\">&rarr;<\/span><\/a><\/p>\n","protected":false},"author":1,"featured_media":0,"comment_status":"closed","ping_status":"closed","sticky":false,"template":"","format":"standard","meta":{"jetpack_post_was_ever_published":false,"_jetpack_newsletter_access":"","_jetpack_dont_email_post_to_subs":false,"_jetpack_newsletter_tier_id":0,"_jetpack_memberships_contains_paywalled_content":false,"_jetpack_memberships_contains_paid_content":false,"footnotes":"","jetpack_publicize_message":"","jetpack_publicize_feature_enabled":true,"jetpack_social_post_already_shared":true,"jetpack_social_options":{"image_generator_settings":{"template":"highway","default_image_id":0,"font":"","enabled":false},"version":2}},"categories":[1],"tags":[],"class_list":["post-1083","post","type-post","status-publish","format-standard","hentry","category-uncategorized"],"jetpack_publicize_connections":[],"jetpack_featured_media_url":"","jetpack_sharing_enabled":true,"jetpack_shortlink":"https:\/\/wp.me\/p34K8b-ht","jetpack_likes_enabled":true,"_links":{"self":[{"href":"https:\/\/stendhal.fr\/index.php?rest_route=\/wp\/v2\/posts\/1083","targetHints":{"allow":["GET"]}}],"collection":[{"href":"https:\/\/stendhal.fr\/index.php?rest_route=\/wp\/v2\/posts"}],"about":[{"href":"https:\/\/stendhal.fr\/index.php?rest_route=\/wp\/v2\/types\/post"}],"author":[{"embeddable":true,"href":"https:\/\/stendhal.fr\/index.php?rest_route=\/wp\/v2\/users\/1"}],"replies":[{"embeddable":true,"href":"https:\/\/stendhal.fr\/index.php?rest_route=%2Fwp%2Fv2%2Fcomments&post=1083"}],"version-history":[{"count":1,"href":"https:\/\/stendhal.fr\/index.php?rest_route=\/wp\/v2\/posts\/1083\/revisions"}],"predecessor-version":[{"id":1084,"href":"https:\/\/stendhal.fr\/index.php?rest_route=\/wp\/v2\/posts\/1083\/revisions\/1084"}],"wp:attachment":[{"href":"https:\/\/stendhal.fr\/index.php?rest_route=%2Fwp%2Fv2%2Fmedia&parent=1083"}],"wp:term":[{"taxonomy":"category","embeddable":true,"href":"https:\/\/stendhal.fr\/index.php?rest_route=%2Fwp%2Fv2%2Fcategories&post=1083"},{"taxonomy":"post_tag","embeddable":true,"href":"https:\/\/stendhal.fr\/index.php?rest_route=%2Fwp%2Fv2%2Ftags&post=1083"}],"curies":[{"name":"wp","href":"https:\/\/api.w.org\/{rel}","templated":true}]}}