{"id":1072,"date":"2015-12-11T10:38:46","date_gmt":"2015-12-11T09:38:46","guid":{"rendered":"http:\/\/www.stendhal.fr\/?p=1072"},"modified":"2015-12-11T10:38:46","modified_gmt":"2015-12-11T09:38:46","slug":"lannee-stendhalienne-n-14","status":"publish","type":"post","link":"https:\/\/stendhal.fr\/?p=1072","title":{"rendered":"L&rsquo;ann\u00e9e Stendhalienne N\u00b0 14"},"content":{"rendered":"<p style=\"text-align: center;\"><em><strong>L&rsquo;ann\u00e9e Stendhalienne N\u00b0 14<\/strong><\/em><\/p>\n<p style=\"text-align: center;\"><a title=\"CHAMPION\" href=\"http:\/\/www.honorechampion.com\/fr\/champion\/9773-book-08533004-9782745330048.html\" target=\"_blank\">CHAMPION<\/a><\/p>\n<p style=\"text-align: center;\">\nStendhal au Japon II. Hommage \u00e0 Shoichiro Suzuki<br \/>\n\u00c9tudes r\u00e9unies par Keiko Sugimoto<br \/>\nStendhal au tournant du 1830<br \/>\n\u00c9tudes r\u00e9unies par Philippe Berthier<br \/>\nJean Pr\u00e9vost &#8211; Varia<\/p>\n<p style=\"text-align: center;\">\n1 vol., 432 p., broch\u00e9, 15 \u00d7 22 cm<br \/>\nISBN 978-2-7453-3004-8<br \/>\nCHF 60 ht \/ 60 \u20ac ttc<\/p>\n","protected":false},"excerpt":{"rendered":"<p>L&rsquo;ann\u00e9e Stendhalienne N\u00b0 14 CHAMPION Stendhal au Japon II. Hommage \u00e0 Shoichiro Suzuki \u00c9tudes r\u00e9unies par Keiko Sugimoto Stendhal au tournant du 1830 \u00c9tudes r\u00e9unies par Philippe Berthier Jean Pr\u00e9vost &#8211; Varia 1 vol., 432 p., broch\u00e9, 15 \u00d7 22 &hellip; <a href=\"https:\/\/stendhal.fr\/?p=1072\">Continuer la lecture <span class=\"meta-nav\">&rarr;<\/span><\/a><\/p>\n","protected":false},"author":1,"featured_media":0,"comment_status":"closed","ping_status":"closed","sticky":false,"template":"","format":"standard","meta":{"jetpack_post_was_ever_published":false,"_jetpack_newsletter_access":"","_jetpack_dont_email_post_to_subs":false,"_jetpack_newsletter_tier_id":0,"_jetpack_memberships_contains_paywalled_content":false,"_jetpack_memberships_contains_paid_content":false,"footnotes":"","jetpack_publicize_message":"","jetpack_publicize_feature_enabled":true,"jetpack_social_post_already_shared":true,"jetpack_social_options":{"image_generator_settings":{"template":"highway","default_image_id":0,"font":"","enabled":false},"version":2}},"categories":[2],"tags":[],"class_list":["post-1072","post","type-post","status-publish","format-standard","hentry","category-nouvelles-publications"],"jetpack_publicize_connections":[],"jetpack_featured_media_url":"","jetpack_sharing_enabled":true,"jetpack_shortlink":"https:\/\/wp.me\/p34K8b-hi","jetpack_likes_enabled":true,"_links":{"self":[{"href":"https:\/\/stendhal.fr\/index.php?rest_route=\/wp\/v2\/posts\/1072","targetHints":{"allow":["GET"]}}],"collection":[{"href":"https:\/\/stendhal.fr\/index.php?rest_route=\/wp\/v2\/posts"}],"about":[{"href":"https:\/\/stendhal.fr\/index.php?rest_route=\/wp\/v2\/types\/post"}],"author":[{"embeddable":true,"href":"https:\/\/stendhal.fr\/index.php?rest_route=\/wp\/v2\/users\/1"}],"replies":[{"embeddable":true,"href":"https:\/\/stendhal.fr\/index.php?rest_route=%2Fwp%2Fv2%2Fcomments&post=1072"}],"version-history":[{"count":1,"href":"https:\/\/stendhal.fr\/index.php?rest_route=\/wp\/v2\/posts\/1072\/revisions"}],"predecessor-version":[{"id":1073,"href":"https:\/\/stendhal.fr\/index.php?rest_route=\/wp\/v2\/posts\/1072\/revisions\/1073"}],"wp:attachment":[{"href":"https:\/\/stendhal.fr\/index.php?rest_route=%2Fwp%2Fv2%2Fmedia&parent=1072"}],"wp:term":[{"taxonomy":"category","embeddable":true,"href":"https:\/\/stendhal.fr\/index.php?rest_route=%2Fwp%2Fv2%2Fcategories&post=1072"},{"taxonomy":"post_tag","embeddable":true,"href":"https:\/\/stendhal.fr\/index.php?rest_route=%2Fwp%2Fv2%2Ftags&post=1072"}],"curies":[{"name":"wp","href":"https:\/\/api.w.org\/{rel}","templated":true}]}}