{"id":1064,"date":"2015-11-09T10:14:43","date_gmt":"2015-11-09T09:14:43","guid":{"rendered":"http:\/\/www.stendhal.fr\/?p=1064"},"modified":"2015-11-09T10:14:43","modified_gmt":"2015-11-09T09:14:43","slug":"colloque-stendhal-en-mouvement","status":"publish","type":"post","link":"https:\/\/stendhal.fr\/?p=1064","title":{"rendered":"Colloque Stendhal en mouvement"},"content":{"rendered":"<p style=\"text-align: center;\"><strong>Colloque Stendhal en mouvement<\/strong><\/p>\n<p style=\"text-align: center;\"><strong>Fondation Singer-Polignac<\/strong><\/p>\n<p style=\"text-align: center;\"><strong>10 et 11 d\u00e9cembre 2015<\/strong><\/p>\n<p style=\"text-align: center;\"><strong>43 avenue Georges Mandel<\/strong><br \/>\n<strong> 75116 Paris<\/strong><\/p>\n<p style=\"text-align: center;\"><a href=\"https:\/\/www.singer-polignac.org\/fr\/missions\/lettres-et-arts\/colloques\/1259-stendhal-en-mouvement\" target=\"_blank\">https:\/\/www.singer-polignac.org\/fr\/missions\/lettres-et-arts\/colloques\/1259-stendhal-en-mouvement<\/a><\/p>\n<p>&nbsp;<\/p>\n<h3 id=\"programme\"><strong><span style=\"color: #333333;\">Programme<\/span><\/strong><\/h3>\n<h3><span style=\"color: #333333;\">Jeudi 10 d\u00e9cembre<\/span><\/h3>\n<p><span style=\"color: #333333;\"><strong>9h30<\/strong> &#8211; accueil et inscription des participants<\/span><\/p>\n<p><span style=\"color: #333333;\"><strong>10h<\/strong> &#8211; Ouverture de la premi\u00e8re journ\u00e9e<\/span><\/p>\n<p><span style=\"color: #333333;\">Pr\u00e9sidence : <a style=\"color: #333333; text-decoration: underline;\" href=\"https:\/\/www.singer-polignac.org\/fr\/missions\/lettres-et-arts\/colloques\/1259-stendhal-en-mouvement#didier\">B\u00e9atrice DIDIER<\/a>, \u00c9cole Normale Sup\u00e9rieure<\/span><\/p>\n<ul>\n<li><span style=\"color: #333333;\"><em><a style=\"color: #333333; text-decoration: underline;\" href=\"https:\/\/www.singer-polignac.org\/fr\/missions\/lettres-et-arts\/colloques\/1259-stendhal-en-mouvement#pberthier\">Pr\u00e9sentation<\/a><\/em> par<strong> <a style=\"color: #333333; text-decoration: underline;\" href=\"https:\/\/www.singer-polignac.org\/fr\/missions\/lettres-et-arts\/colloques\/1259-stendhal-en-mouvement#berthier\">Philippe BERTHIER<\/a><\/strong>, Sorbonne Nouvelle<\/span><\/li>\n<li><span style=\"color: #333333;\"><em><a style=\"color: #333333; text-decoration: underline;\" href=\"https:\/\/www.singer-polignac.org\/fr\/missions\/lettres-et-arts\/colloques\/1259-stendhal-en-mouvement#pcochard\">Stendhal dans les ports. Regard d&rsquo;historien<\/a><\/em> par <strong><a style=\"color: #333333; text-decoration: underline;\" href=\"https:\/\/www.singer-polignac.org\/fr\/missions\/lettres-et-arts\/colloques\/1259-stendhal-en-mouvement#cochard\">Nicolas COCHARD<\/a><\/strong>, universit\u00e9s de Caen et du Havre<\/span><\/li>\n<\/ul>\n<p><span style=\"color: #333333;\"><strong>11h<\/strong> &#8211; Pause caf\u00e9<\/span><\/p>\n<ul>\n<li><span style=\"color: #333333;\"><em><a style=\"color: #333333; text-decoration: underline;\" href=\"https:\/\/www.singer-polignac.org\/fr\/missions\/lettres-et-arts\/colloques\/1259-stendhal-en-mouvement#pansel\">Voyages, voyages&#8230;<\/a><\/em> par<strong> <a style=\"color: #333333; text-decoration: underline;\" href=\"https:\/\/www.singer-polignac.org\/fr\/missions\/lettres-et-arts\/colloques\/1259-stendhal-en-mouvement#ansel\">Yves ANSEL<\/a><\/strong>, universit\u00e9 de Nantes<\/span><\/li>\n<li><span style=\"color: #333333;\"><em><a style=\"color: #333333; text-decoration: underline;\" href=\"https:\/\/www.singer-polignac.org\/fr\/missions\/lettres-et-arts\/colloques\/1259-stendhal-en-mouvement#plinkes\">Pour une po\u00e9tique touristique: Stendhal et la mise en r\u00e9cit du voyage<\/a><\/em> par <strong><a style=\"color: #333333; text-decoration: underline;\" href=\"https:\/\/www.singer-polignac.org\/fr\/missions\/lettres-et-arts\/colloques\/1259-stendhal-en-mouvement#linkes\">Serge LINKES<\/a><\/strong>, universit\u00e9 de La Rochelle<\/span><\/li>\n<li><span style=\"color: #333333;\"><em><a style=\"color: #333333; text-decoration: underline;\" href=\"https:\/\/www.singer-polignac.org\/fr\/missions\/lettres-et-arts\/colloques\/1259-stendhal-en-mouvement#pleveque\">L&rsquo; Echapp\u00e9e Beyle. Du paysage au pays : les \u00ab\u00a0Voyages en France\u00a0\u00bb \u00e0 l&rsquo;appui d&rsquo;une reterritorialisation<\/a><\/em> par<strong> <a style=\"color: #333333; text-decoration: underline;\" href=\"https:\/\/www.singer-polignac.org\/fr\/missions\/lettres-et-arts\/colloques\/1259-stendhal-en-mouvement#leveque\">Laure LEV\u00caQUE<\/a><\/strong>, universit\u00e9 de Toulon<\/span><\/li>\n<\/ul>\n<p><span style=\"color: #333333;\"><strong>13h-14h<\/strong> &#8211; Buffet-d\u00e9jeuner<\/span><\/p>\n<p><span style=\"color: #333333;\">Pr\u00e9sidence : <strong><a style=\"color: #333333; text-decoration: underline;\" href=\"https:\/\/www.singer-polignac.org\/fr\/missions\/lettres-et-arts\/colloques\/1259-stendhal-en-mouvement#berthier\">Philippe BERTHIER<\/a><\/strong>, Sorbonne Nouvelle<\/span><\/p>\n<ul>\n<li><span style=\"color: #333333;\"><em><a style=\"color: #333333; text-decoration: underline;\" href=\"https:\/\/www.singer-polignac.org\/fr\/missions\/lettres-et-arts\/colloques\/1259-stendhal-en-mouvement#pguibal\">Rossini en mouvements<\/a><\/em> par <strong><a style=\"color: #333333; text-decoration: underline;\" href=\"https:\/\/www.singer-polignac.org\/fr\/missions\/lettres-et-arts\/colloques\/1259-stendhal-en-mouvement#guibal\">Antoine GUIBAL<\/a><\/strong>, university of Virginia<\/span><\/li>\n<li><span style=\"color: #333333;\"><em><a style=\"color: #333333; text-decoration: underline;\" href=\"https:\/\/www.singer-polignac.org\/fr\/missions\/lettres-et-arts\/colloques\/1259-stendhal-en-mouvement#pdidier\">Le mouvement fait tout pour l&rsquo;expression<\/a> <\/em>par<a style=\"color: #333333; text-decoration: underline;\" href=\"https:\/\/www.singer-polignac.org\/fr\/missions\/lettres-et-arts\/colloques\/1259-stendhal-en-mouvement#didier\"> <strong>B\u00e9atrice DIDIER<\/strong><\/a><\/span><\/li>\n<\/ul>\n<p><span style=\"color: #333333;\"><strong>15h30<\/strong> &#8211; Pause caf\u00e9<\/span><\/p>\n<ul>\n<li><span style=\"color: #333333;\"><em><a style=\"color: #333333; text-decoration: underline;\" href=\"https:\/\/www.singer-polignac.org\/fr\/missions\/lettres-et-arts\/colloques\/1259-stendhal-en-mouvement#pbauer\">\u00ab\u00a0Les affinit\u00e9s \u00e9lectives\u00a0\u00bb : flux et reflux de la sympathie chez Rousseau, Goethe et Stendhal<\/a><\/em> par <strong><a style=\"color: #333333; text-decoration: underline;\" href=\"https:\/\/www.singer-polignac.org\/fr\/missions\/lettres-et-arts\/colloques\/1259-stendhal-en-mouvement#bauer\">Lydia BAUER<\/a><\/strong>, universit\u00e9 de M\u00fcnster<\/span><\/li>\n<li><span style=\"color: #333333;\"><em><a style=\"color: #333333; text-decoration: underline;\" href=\"https:\/\/www.singer-polignac.org\/fr\/missions\/lettres-et-arts\/colloques\/1259-stendhal-en-mouvement#pmildner\">Mina et F\u00e9der : les \u00ab\u00a0amoureux \u00e0 la Werther\u00a0\u00bb revus par Stendhal<\/a><\/em> par <strong><a style=\"color: #333333; text-decoration: underline;\" href=\"https:\/\/www.singer-polignac.org\/fr\/missions\/lettres-et-arts\/colloques\/1259-stendhal-en-mouvement#mildner\">Susanne MILDNER<\/a><\/strong>, universit\u00e9 de Postdam<\/span><\/li>\n<li><span style=\"color: #333333;\"><em><a style=\"color: #333333; text-decoration: underline;\" href=\"https:\/\/www.singer-polignac.org\/fr\/missions\/lettres-et-arts\/colloques\/1259-stendhal-en-mouvement#pcorredor\">\u00ab\u00a0La Chartreuse de Parme\u00a0\u00bb : feuilletages du temps<\/a><\/em> par <strong><a style=\"color: #333333; text-decoration: underline;\" href=\"https:\/\/www.singer-polignac.org\/fr\/missions\/lettres-et-arts\/colloques\/1259-stendhal-en-mouvement#corredor\">Marie-Rose CORREDOR<\/a><\/strong>, Grenoble, universit\u00e9 Stendhal<\/span><\/li>\n<\/ul>\n<p><span style=\"color: #333333;\"><strong>17h30<\/strong> &#8211; Cl\u00f4ture de la premi\u00e8re journ\u00e9e<\/span><\/p>\n<h3><span style=\"color: #333333;\">Vendredi 11 d\u00e9cembre<\/span><\/h3>\n<p><span style=\"color: #333333;\"><strong>9h30<\/strong> &#8211; accueil et inscription des participants<\/span><\/p>\n<p><span style=\"color: #333333;\"><strong>9h45<\/strong> &#8211; Ouverture de la seconde journ\u00e9e<\/span><\/p>\n<p><span style=\"color: #333333;\">Pr\u00e9sidence : <strong><a style=\"color: #333333; text-decoration: underline;\" href=\"https:\/\/www.singer-polignac.org\/fr\/missions\/lettres-et-arts\/colloques\/1259-stendhal-en-mouvement#labia\">Jean-Jacques LABIA<\/a><\/strong>, universit\u00e9 Paris Ouest Nanterre<\/span><\/p>\n<ul>\n<li><span style=\"color: #333333;\"><em><a style=\"color: #333333; text-decoration: underline;\" href=\"https:\/\/www.singer-polignac.org\/fr\/missions\/lettres-et-arts\/colloques\/1259-stendhal-en-mouvement#pberthier2\">Mobile\/stabile ou la cin\u00e9tique paradoxale des journaux et papiers<\/a><\/em> par <strong><a style=\"color: #333333; text-decoration: underline;\" href=\"https:\/\/www.singer-polignac.org\/fr\/missions\/lettres-et-arts\/colloques\/1259-stendhal-en-mouvement#berthier\">Philippe BERTHIER<\/a><\/strong>, Sorbonne-Nouvelle<\/span><\/li>\n<li><span style=\"color: #333333;\"><em><a style=\"color: #333333; text-decoration: underline;\" href=\"https:\/\/www.singer-polignac.org\/fr\/missions\/lettres-et-arts\/colloques\/1259-stendhal-en-mouvement#pallard\">Anecdotes mouvantes et mouvances des anecdotes<\/a><\/em> par <strong><a style=\"color: #333333; text-decoration: underline;\" href=\"https:\/\/www.singer-polignac.org\/fr\/missions\/lettres-et-arts\/colloques\/1259-stendhal-en-mouvement#allard\">Nicolas ALLARD<\/a><\/strong>, Sorbonne nouvelle<\/span><\/li>\n<li><span style=\"color: #333333;\"><em><a style=\"color: #333333; text-decoration: underline;\" href=\"https:\/\/www.singer-polignac.org\/fr\/missions\/lettres-et-arts\/colloques\/1259-stendhal-en-mouvement#pgundersen\">Les d\u00e9clencheurs du voyage dans le temps chez Stendhal autobiographe<\/a><\/em> par <strong><a style=\"color: #333333; text-decoration: underline;\" href=\"https:\/\/www.singer-polignac.org\/fr\/missions\/lettres-et-arts\/colloques\/1259-stendhal-en-mouvement#gundersen\">Karin GUNDERSEN<\/a><\/strong>, universit\u00e9 d&rsquo;Oslo<\/span><\/li>\n<\/ul>\n<p><span style=\"color: #333333;\"><strong>11h15<\/strong> &#8211; Pause caf\u00e9<\/span><\/p>\n<ul>\n<li><span style=\"color: #333333;\"><em><a style=\"color: #333333; text-decoration: underline;\" href=\"https:\/\/www.singer-polignac.org\/fr\/missions\/lettres-et-arts\/colloques\/1259-stendhal-en-mouvement#pbercegol\">Au d\u00e9tour du r\u00e9cit : les parenth\u00e8ses dans \u00ab\u00a0La Vie de Henry Brulard\u00a0\u00bb<\/a><\/em> par <strong><a style=\"color: #333333; text-decoration: underline;\" href=\"https:\/\/www.singer-polignac.org\/fr\/missions\/lettres-et-arts\/colloques\/1259-stendhal-en-mouvement#bercegol\">Fabienne BERCEGOL<\/a><\/strong>, Toulouse, universit\u00e9 Jean-Jaur\u00e8s<\/span><\/li>\n<li><span style=\"color: #333333;\"><em><a style=\"color: #333333; text-decoration: underline;\" href=\"https:\/\/www.singer-polignac.org\/fr\/missions\/lettres-et-arts\/colloques\/1259-stendhal-en-mouvement#pbourdenet\">\u00ab De premier mouvement \u00bb : sentiment et mouvement chez Stendhal <\/a><\/em>par <strong><a style=\"color: #333333; text-decoration: underline;\" href=\"https:\/\/www.singer-polignac.org\/fr\/missions\/lettres-et-arts\/colloques\/1259-stendhal-en-mouvement#bourdenet\">Xavier BOURDENET<\/a><\/strong>, ESPE, universit\u00e9 Paris IV-Sorbonne<\/span><\/li>\n<li><span style=\"color: #333333;\"><em><a style=\"color: #333333; text-decoration: underline;\" href=\"https:\/\/www.singer-polignac.org\/fr\/missions\/lettres-et-arts\/colloques\/1259-stendhal-en-mouvement#pdiaz\">Passages de Stendhal ou l&rsquo;auteur en mouvement<\/a><\/em> par <strong><a style=\"color: #333333; text-decoration: underline;\" href=\"https:\/\/www.singer-polignac.org\/fr\/missions\/lettres-et-arts\/colloques\/1259-stendhal-en-mouvement#diaz\">Brigitte DIAZ<\/a><\/strong>, universit\u00e9 de Caen<\/span><\/li>\n<\/ul>\n<p><span style=\"color: #333333;\"><strong>13h15<\/strong> &#8211; Cl\u00f4ture du colloque<\/span><\/p>\n","protected":false},"excerpt":{"rendered":"<p>Colloque Stendhal en mouvement Fondation Singer-Polignac 10 et 11 d\u00e9cembre 2015 43 avenue Georges Mandel 75116 Paris https:\/\/www.singer-polignac.org\/fr\/missions\/lettres-et-arts\/colloques\/1259-stendhal-en-mouvement &nbsp; Programme Jeudi 10 d\u00e9cembre 9h30 &#8211; accueil et inscription des participants 10h &#8211; Ouverture de la premi\u00e8re journ\u00e9e Pr\u00e9sidence : B\u00e9atrice &hellip; <a href=\"https:\/\/stendhal.fr\/?p=1064\">Continuer la lecture <span class=\"meta-nav\">&rarr;<\/span><\/a><\/p>\n","protected":false},"author":1,"featured_media":0,"comment_status":"closed","ping_status":"closed","sticky":false,"template":"","format":"standard","meta":{"jetpack_post_was_ever_published":false,"_jetpack_newsletter_access":"","_jetpack_dont_email_post_to_subs":false,"_jetpack_newsletter_tier_id":0,"_jetpack_memberships_contains_paywalled_content":false,"_jetpack_memberships_contains_paid_content":false,"footnotes":"","jetpack_publicize_message":"","jetpack_publicize_feature_enabled":true,"jetpack_social_post_already_shared":true,"jetpack_social_options":{"image_generator_settings":{"template":"highway","default_image_id":0,"font":"","enabled":false},"version":2}},"categories":[6],"tags":[],"class_list":["post-1064","post","type-post","status-publish","format-standard","hentry","category-colloques"],"jetpack_publicize_connections":[],"jetpack_featured_media_url":"","jetpack_sharing_enabled":true,"jetpack_shortlink":"https:\/\/wp.me\/p34K8b-ha","jetpack_likes_enabled":true,"_links":{"self":[{"href":"https:\/\/stendhal.fr\/index.php?rest_route=\/wp\/v2\/posts\/1064","targetHints":{"allow":["GET"]}}],"collection":[{"href":"https:\/\/stendhal.fr\/index.php?rest_route=\/wp\/v2\/posts"}],"about":[{"href":"https:\/\/stendhal.fr\/index.php?rest_route=\/wp\/v2\/types\/post"}],"author":[{"embeddable":true,"href":"https:\/\/stendhal.fr\/index.php?rest_route=\/wp\/v2\/users\/1"}],"replies":[{"embeddable":true,"href":"https:\/\/stendhal.fr\/index.php?rest_route=%2Fwp%2Fv2%2Fcomments&post=1064"}],"version-history":[{"count":4,"href":"https:\/\/stendhal.fr\/index.php?rest_route=\/wp\/v2\/posts\/1064\/revisions"}],"predecessor-version":[{"id":1068,"href":"https:\/\/stendhal.fr\/index.php?rest_route=\/wp\/v2\/posts\/1064\/revisions\/1068"}],"wp:attachment":[{"href":"https:\/\/stendhal.fr\/index.php?rest_route=%2Fwp%2Fv2%2Fmedia&parent=1064"}],"wp:term":[{"taxonomy":"category","embeddable":true,"href":"https:\/\/stendhal.fr\/index.php?rest_route=%2Fwp%2Fv2%2Fcategories&post=1064"},{"taxonomy":"post_tag","embeddable":true,"href":"https:\/\/stendhal.fr\/index.php?rest_route=%2Fwp%2Fv2%2Ftags&post=1064"}],"curies":[{"name":"wp","href":"https:\/\/api.w.org\/{rel}","templated":true}]}}