{"id":1053,"date":"2015-10-07T14:15:14","date_gmt":"2015-10-07T13:15:14","guid":{"rendered":"http:\/\/www.stendhal.fr\/?p=1053"},"modified":"2015-10-07T14:15:44","modified_gmt":"2015-10-07T13:15:44","slug":"stendhal-et-lheroisme-au-feminin","status":"publish","type":"post","link":"https:\/\/stendhal.fr\/?p=1053","title":{"rendered":"Stendhal et l&rsquo;h\u00e9ro\u00efsme au f\u00e9minin"},"content":{"rendered":"<p style=\"text-align: center;\">STENDHAL\u00a0 ET L\u2019H\u00c9RO\u00cfSME AU F\u00c9MININ<br \/>\nActes du colloque de Paris-Sorbonne<br \/>\n29-30 mars 2013<br \/>\n\u00c9tudes r\u00e9unies et\u00a0 pr\u00e9sent\u00e9es par Michel ARROUS<\/p>\n<p style=\"text-align: center;\">Paris, <a title=\"Euredit\" href=\"http:\/\/euredit-editions.com\/f\/index.php\" target=\"_blank\">Eur\u00e9dit<\/a>, septembre 2015, 240 p.<\/p>\n<p>INTRODUCTION<br \/>\npar Michel Arrous<\/p>\n<p>Le courage des h\u00e9ro\u00efnes dans le roman stendhalien<br \/>\npar Pierrette Pavet<\/p>\n<p><em>Armance<\/em>\u00a0: \u00e9l\u00e9ments pour une typologie de la femme<br \/>\npar Brahim Karoui<\/p>\n<p>Les mots d\u2019<em>Armance\u00a0<\/em>: notes pour l\u2019analyse d\u2019un discours au f\u00e9minin<br \/>\npar Maria Vicenta Hern\u00e1ndez \u00c1lvarez<\/p>\n<p>Le \u00ab\u00a0projet h\u00e9ro\u00efque\u00a0\u00bb d\u2019Armance de Zohiloff<br \/>\npar Sascha Luethy<\/p>\n<p>L\u2019h\u00e9ro\u00efsme au f\u00e9minin \u00e0 l\u2019op\u00e9ra<br \/>\npar B\u00e9atrice Didier<\/p>\n<p>H\u00e9ro\u00efnes h\u00e9ro\u00efques\u00a0: Stendhal et Balzac<br \/>\npar Max Andr\u00e9oli<\/p>\n<p><em>Mina de Vanghel\u00a0<\/em>: un conte qui finit mal<br \/>\npar Suzel Esquier<\/p>\n<p>Les h\u00e9ro\u00efnes de Stendhal\u00a0: contrepoids aux passions d\u00e9mocratiques<br \/>\npar B\u00e9r\u00e9nice Levet<\/p>\n<p>Madame de R\u00eanal ou la tendresse h\u00e9ro\u00efque<br \/>\npar Michel Crouzet<\/p>\n<p>De <em>Lamiel,<\/em> ou l\u2019\u00e9ternel h\u00e9ro\u00efque f\u00e9minin<br \/>\npar Thierry Ozwald<\/p>\n<p>H\u00e9ro\u00efnes espagnolistes\u00a0: Suora Scolastica et Eugenia Palafox<br \/>\npar Andr\u00e9e Mansau<\/p>\n<p>\u00ab\u00a0Je te laisse avec la plume mais pas avec le c\u0153ur\u2026\u00a0\u00bb<br \/>\nLa correspondance de Giulia Rinieri de\u2019Rocchi avec Giulio Martini<br \/>\npar Barbara Innocenti<\/p>\n","protected":false},"excerpt":{"rendered":"<p>STENDHAL\u00a0 ET L\u2019H\u00c9RO\u00cfSME AU F\u00c9MININ Actes du colloque de Paris-Sorbonne 29-30 mars 2013 \u00c9tudes r\u00e9unies et\u00a0 pr\u00e9sent\u00e9es par Michel ARROUS Paris, Eur\u00e9dit, septembre 2015, 240 p. INTRODUCTION par Michel Arrous Le courage des h\u00e9ro\u00efnes dans le roman stendhalien par Pierrette &hellip; <a href=\"https:\/\/stendhal.fr\/?p=1053\">Continuer la lecture <span class=\"meta-nav\">&rarr;<\/span><\/a><\/p>\n","protected":false},"author":1,"featured_media":0,"comment_status":"closed","ping_status":"closed","sticky":false,"template":"","format":"standard","meta":{"jetpack_post_was_ever_published":false,"_jetpack_newsletter_access":"","_jetpack_dont_email_post_to_subs":false,"_jetpack_newsletter_tier_id":0,"_jetpack_memberships_contains_paywalled_content":false,"_jetpack_memberships_contains_paid_content":false,"footnotes":"","jetpack_publicize_message":"","jetpack_publicize_feature_enabled":true,"jetpack_social_post_already_shared":true,"jetpack_social_options":{"image_generator_settings":{"template":"highway","default_image_id":0,"font":"","enabled":false},"version":2}},"categories":[2],"tags":[],"class_list":["post-1053","post","type-post","status-publish","format-standard","hentry","category-nouvelles-publications"],"jetpack_publicize_connections":[],"jetpack_featured_media_url":"","jetpack_sharing_enabled":true,"jetpack_shortlink":"https:\/\/wp.me\/p34K8b-gZ","jetpack_likes_enabled":true,"_links":{"self":[{"href":"https:\/\/stendhal.fr\/index.php?rest_route=\/wp\/v2\/posts\/1053","targetHints":{"allow":["GET"]}}],"collection":[{"href":"https:\/\/stendhal.fr\/index.php?rest_route=\/wp\/v2\/posts"}],"about":[{"href":"https:\/\/stendhal.fr\/index.php?rest_route=\/wp\/v2\/types\/post"}],"author":[{"embeddable":true,"href":"https:\/\/stendhal.fr\/index.php?rest_route=\/wp\/v2\/users\/1"}],"replies":[{"embeddable":true,"href":"https:\/\/stendhal.fr\/index.php?rest_route=%2Fwp%2Fv2%2Fcomments&post=1053"}],"version-history":[{"count":2,"href":"https:\/\/stendhal.fr\/index.php?rest_route=\/wp\/v2\/posts\/1053\/revisions"}],"predecessor-version":[{"id":1055,"href":"https:\/\/stendhal.fr\/index.php?rest_route=\/wp\/v2\/posts\/1053\/revisions\/1055"}],"wp:attachment":[{"href":"https:\/\/stendhal.fr\/index.php?rest_route=%2Fwp%2Fv2%2Fmedia&parent=1053"}],"wp:term":[{"taxonomy":"category","embeddable":true,"href":"https:\/\/stendhal.fr\/index.php?rest_route=%2Fwp%2Fv2%2Fcategories&post=1053"},{"taxonomy":"post_tag","embeddable":true,"href":"https:\/\/stendhal.fr\/index.php?rest_route=%2Fwp%2Fv2%2Ftags&post=1053"}],"curies":[{"name":"wp","href":"https:\/\/api.w.org\/{rel}","templated":true}]}}