{"id":1045,"date":"2015-08-25T09:26:58","date_gmt":"2015-08-25T08:26:58","guid":{"rendered":"http:\/\/www.stendhal.fr\/?p=1045"},"modified":"2015-08-26T09:28:30","modified_gmt":"2015-08-26T08:28:30","slug":"stendhal-bonheur-et-melancolie","status":"publish","type":"post","link":"https:\/\/stendhal.fr\/?p=1045","title":{"rendered":"Stendhal: bonheur et m\u00e9lancolie"},"content":{"rendered":"<p style=\"text-align: center;\">STENDHAL AUJOURD\u2019HUI<br \/>\nH B Revue internationale d\u2019\u00e9tudes stendhaliennes<\/p>\n<p style=\"text-align: center;\">COLLOQUE INTERNATIONAL<br \/>\n18 et 19 mars 2016<br \/>\nUniversit\u00e9 Paris-Sorbonne-Paris IV<\/p>\n<p style=\"text-align: center;\">STENDHAL\u00a0: BONHEUR ET M\u00c9LANCOLIE<\/p>\n<p>&nbsp;<\/p>\n<p style=\"text-align: left;\">\u00c0 la diff\u00e9rence des \u00ab\u00a0philosophes chagrins\u00a0\u00bb, Stendhal n\u2019a cess\u00e9 de r\u00e9fl\u00e9chir \u00e0 \u00ab\u00a0ce son si rare nomm\u00e9 bonheur\u00a0\u00bb et \u00e0 une m\u00e9thode pour l\u2019atteindre et le pratiquer comme un art de vivre procurant un \u00e9quilibre moral \u00e0 qui sait \u00ab\u00a0se rendre ind\u00e9pendant des circonstances\u00a0\u00bb, \u00e0 qui sait tirer le maximum de profit de tout \u00e9v\u00e9nement et garder intact le sentiment des choses que la haine, la jalousie ou l\u2019envie corrompent. On pensera au bonheur des \u00ab\u00a0d\u00e9licieuses r\u00eaveries\u00a0\u00bb sur l\u2019Arioste et <em>La Nouvelle H\u00e9lo\u00efse<\/em>, \u00e0 l\u2019aptitude du sujet sensible conscient de son bonheur, alors le bonheur devient moyen de connaissance \u2013 le Beyliste formule une science du bonheur dont le premier imp\u00e9ratif est d\u2019\u00eatre soi ?, aussi bien qu\u2019\u00e0 sa dimension politique (laissez-nous \u00eatre ce que nous sommes). Au bonheur que l\u2019on conquiert on doit ajouter le bonheur intime du ravissement silencieux devant les luoghi ameni, quand le souvenir du bonheur de vivre se mue en bonheur d\u2019\u00e9crire.<br \/>\nSi le bonheur est d\u2019abord une pr\u00e9sence heureuse \u00e0 soi et au monde, son secret ne serait-il pas d\u2019inclure une dose de malheur\u00a0? Pour Stendhal, comme il y a une composante m\u00e9lancolique de la beaut\u00e9, il y aussi une composante m\u00e9lancolique du bonheur\u00a0: au risque d\u2019\u00eatre nul, le bonheur ne peut \u00eatre pur. Se retrouve chez lui, h\u00e9rit\u00e9e du XVIIIe si\u00e8cle, une pens\u00e9e du bonheur que double une pens\u00e9e de l\u2019inqui\u00e9tude ou de l\u2019incompl\u00e9tude. La th\u00e9orie des temp\u00e9raments de Cabanis qui rattache l\u2019inqui\u00e9tude au caract\u00e8re m\u00e9lancolique,\u00a0Stendhal se l\u2019approprie et fait de la m\u00e9lancolie la condition du g\u00e9nie. Son beau id\u00e9al moderne, sa th\u00e9orie des passions et, plus g\u00e9n\u00e9ralement, son esth\u00e9tique et sa conception du romanesque sont sous le signe d\u2019une m\u00e9lancolie sans emphase ni narcissisme, une m\u00e9lancolie qui n\u2019emp\u00eache pas de vivre avec \u00e9nergie.<br \/>\nOn explorera les configurations de cette double topique dans l\u2019\u0153uvre de Stendhal.<\/p>\n<p style=\"text-align: center;\">Proposition de communication \u00e0 adresser par courriel avant le 9 janvier 2016, \u00e0\u00a0:<\/p>\n<p style=\"text-align: center;\">Michel Crouzet\u00a0: mj.crouzet@wanadoo.fr<br \/>\nMichel Arrous\u00a0: michel.arrous@gmail.com<br \/>\nou Didier Philippot\u00a0: philippot.didier@wanadoo.fr<\/p>\n","protected":false},"excerpt":{"rendered":"<p>STENDHAL AUJOURD\u2019HUI H B Revue internationale d\u2019\u00e9tudes stendhaliennes COLLOQUE INTERNATIONAL 18 et 19 mars 2016 Universit\u00e9 Paris-Sorbonne-Paris IV STENDHAL\u00a0: BONHEUR ET M\u00c9LANCOLIE &nbsp; \u00c0 la diff\u00e9rence des \u00ab\u00a0philosophes chagrins\u00a0\u00bb, Stendhal n\u2019a cess\u00e9 de r\u00e9fl\u00e9chir \u00e0 \u00ab\u00a0ce son si rare nomm\u00e9 &hellip; <a href=\"https:\/\/stendhal.fr\/?p=1045\">Continuer la lecture <span class=\"meta-nav\">&rarr;<\/span><\/a><\/p>\n","protected":false},"author":1,"featured_media":0,"comment_status":"closed","ping_status":"closed","sticky":false,"template":"","format":"standard","meta":{"jetpack_post_was_ever_published":false,"_jetpack_newsletter_access":"","_jetpack_dont_email_post_to_subs":false,"_jetpack_newsletter_tier_id":0,"_jetpack_memberships_contains_paywalled_content":false,"_jetpack_memberships_contains_paid_content":false,"footnotes":"","jetpack_publicize_message":"","jetpack_publicize_feature_enabled":true,"jetpack_social_post_already_shared":true,"jetpack_social_options":{"image_generator_settings":{"template":"highway","default_image_id":0,"font":"","enabled":false},"version":2}},"categories":[14,6],"tags":[],"class_list":["post-1045","post","type-post","status-publish","format-standard","hentry","category-appel-a-contribution","category-colloques"],"jetpack_publicize_connections":[],"jetpack_featured_media_url":"","jetpack_sharing_enabled":true,"jetpack_shortlink":"https:\/\/wp.me\/p34K8b-gR","jetpack_likes_enabled":true,"_links":{"self":[{"href":"https:\/\/stendhal.fr\/index.php?rest_route=\/wp\/v2\/posts\/1045","targetHints":{"allow":["GET"]}}],"collection":[{"href":"https:\/\/stendhal.fr\/index.php?rest_route=\/wp\/v2\/posts"}],"about":[{"href":"https:\/\/stendhal.fr\/index.php?rest_route=\/wp\/v2\/types\/post"}],"author":[{"embeddable":true,"href":"https:\/\/stendhal.fr\/index.php?rest_route=\/wp\/v2\/users\/1"}],"replies":[{"embeddable":true,"href":"https:\/\/stendhal.fr\/index.php?rest_route=%2Fwp%2Fv2%2Fcomments&post=1045"}],"version-history":[{"count":2,"href":"https:\/\/stendhal.fr\/index.php?rest_route=\/wp\/v2\/posts\/1045\/revisions"}],"predecessor-version":[{"id":1048,"href":"https:\/\/stendhal.fr\/index.php?rest_route=\/wp\/v2\/posts\/1045\/revisions\/1048"}],"wp:attachment":[{"href":"https:\/\/stendhal.fr\/index.php?rest_route=%2Fwp%2Fv2%2Fmedia&parent=1045"}],"wp:term":[{"taxonomy":"category","embeddable":true,"href":"https:\/\/stendhal.fr\/index.php?rest_route=%2Fwp%2Fv2%2Fcategories&post=1045"},{"taxonomy":"post_tag","embeddable":true,"href":"https:\/\/stendhal.fr\/index.php?rest_route=%2Fwp%2Fv2%2Ftags&post=1045"}],"curies":[{"name":"wp","href":"https:\/\/api.w.org\/{rel}","templated":true}]}}