{"id":1013,"date":"2015-04-16T14:47:57","date_gmt":"2015-04-16T13:47:57","guid":{"rendered":"http:\/\/www.stendhal.fr\/?p=1013"},"modified":"2015-04-16T14:47:57","modified_gmt":"2015-04-16T13:47:57","slug":"stendhal-un-republicain-rouge-et-noir","status":"publish","type":"post","link":"https:\/\/stendhal.fr\/?p=1013","title":{"rendered":"Stendhal, un r\u00e9publicain rouge et noir"},"content":{"rendered":"<p style=\"text-align: center;\">Exposition<\/p>\n<p style=\"text-align: center;\"><em><strong>Stendhal, un r\u00e9publicain rouge et noir<\/strong><\/em><\/p>\n<p style=\"text-align: center;\">Appartement Gagnon- Mus\u00e9e Stendhal<\/p>\n<p style=\"text-align: center;\">\u00e0 partir du 9 mai<\/p>\n<p style=\"text-align: center;\">\n<p>&nbsp;<\/p>\n<p><a href=\"http:\/\/www.stendhal.fr\/wp-content\/2015\/04\/7-mai-2015-Exposition-Stendhal-un-re?publicain-rouge-et-noir.pdf.jpg\"><img loading=\"lazy\" decoding=\"async\" class=\"size-medium wp-image-1014 aligncenter\" src=\"http:\/\/www.stendhal.fr\/wp-content\/2015\/04\/7-mai-2015-Exposition-Stendhal-un-re?publicain-rouge-et-noir.pdf-300x200.jpg\" alt=\"7 mai 2015 Exposition Stendhal un re?publicain rouge et noir.pdf\" width=\"300\" height=\"200\" \/><\/a><\/p>\n","protected":false},"excerpt":{"rendered":"<p>Exposition Stendhal, un r\u00e9publicain rouge et noir Appartement Gagnon- Mus\u00e9e Stendhal \u00e0 partir du 9 mai &nbsp;<\/p>\n","protected":false},"author":1,"featured_media":0,"comment_status":"closed","ping_status":"closed","sticky":false,"template":"","format":"standard","meta":{"jetpack_post_was_ever_published":false,"_jetpack_newsletter_access":"","_jetpack_dont_email_post_to_subs":false,"_jetpack_newsletter_tier_id":0,"_jetpack_memberships_contains_paywalled_content":false,"_jetpack_memberships_contains_paid_content":false,"footnotes":"","jetpack_publicize_message":"","jetpack_publicize_feature_enabled":true,"jetpack_social_post_already_shared":true,"jetpack_social_options":{"image_generator_settings":{"template":"highway","default_image_id":0,"font":"","enabled":false},"version":2}},"categories":[21],"tags":[],"class_list":["post-1013","post","type-post","status-publish","format-standard","hentry","category-expositions"],"jetpack_publicize_connections":[],"jetpack_featured_media_url":"","jetpack_sharing_enabled":true,"jetpack_shortlink":"https:\/\/wp.me\/p34K8b-gl","jetpack_likes_enabled":true,"_links":{"self":[{"href":"https:\/\/stendhal.fr\/index.php?rest_route=\/wp\/v2\/posts\/1013","targetHints":{"allow":["GET"]}}],"collection":[{"href":"https:\/\/stendhal.fr\/index.php?rest_route=\/wp\/v2\/posts"}],"about":[{"href":"https:\/\/stendhal.fr\/index.php?rest_route=\/wp\/v2\/types\/post"}],"author":[{"embeddable":true,"href":"https:\/\/stendhal.fr\/index.php?rest_route=\/wp\/v2\/users\/1"}],"replies":[{"embeddable":true,"href":"https:\/\/stendhal.fr\/index.php?rest_route=%2Fwp%2Fv2%2Fcomments&post=1013"}],"version-history":[{"count":3,"href":"https:\/\/stendhal.fr\/index.php?rest_route=\/wp\/v2\/posts\/1013\/revisions"}],"predecessor-version":[{"id":1017,"href":"https:\/\/stendhal.fr\/index.php?rest_route=\/wp\/v2\/posts\/1013\/revisions\/1017"}],"wp:attachment":[{"href":"https:\/\/stendhal.fr\/index.php?rest_route=%2Fwp%2Fv2%2Fmedia&parent=1013"}],"wp:term":[{"taxonomy":"category","embeddable":true,"href":"https:\/\/stendhal.fr\/index.php?rest_route=%2Fwp%2Fv2%2Fcategories&post=1013"},{"taxonomy":"post_tag","embeddable":true,"href":"https:\/\/stendhal.fr\/index.php?rest_route=%2Fwp%2Fv2%2Ftags&post=1013"}],"curies":[{"name":"wp","href":"https:\/\/api.w.org\/{rel}","templated":true}]}}