{"id":1009,"date":"2015-04-08T14:20:52","date_gmt":"2015-04-08T13:20:52","guid":{"rendered":"http:\/\/www.stendhal.fr\/?p=1009"},"modified":"2015-04-08T14:21:52","modified_gmt":"2015-04-08T13:21:52","slug":"hb-n-19-2015-le-suspense-dans-loeuvre-narrative-de-stendhal","status":"publish","type":"post","link":"https:\/\/stendhal.fr\/?p=1009","title":{"rendered":"HB n\u00b0 19 \/ 2015 Le suspense dans l&rsquo;oeuvre narrative de Stendhal"},"content":{"rendered":"<p style=\"text-align: center;\"><strong>HB n\u00b0 19 \/ 2015<\/strong><\/p>\n<p style=\"text-align: center;\"><strong>SOMMAIRE<\/strong><br \/>\n<strong>DOSSIER<\/strong><br \/>\n<strong>LE SUSPENSE DANS L\u2019\u0152UVRE NARRATIVE DE STENDHAL<\/strong><br \/>\nColloque ? Paris-Sorbonne\u00a0 \u2013 7 et 8 f\u00e9vrier 2014<br \/>\nTextes r\u00e9unis et pr\u00e9sent\u00e9s par<br \/>\nMichel ARROUS<\/p>\n<p style=\"text-align: left;\">Pr\u00e9sentation par Michel Arrous<br \/>\nLe suspense discursif dans<em> La Chartreuse de Parme<\/em> par M\u00e9k\u00e9 M\u00e9it\u00e9<br \/>\nSuspense \u00e0 Waterloo par \u00c9lisabeth Scheele<br \/>\nLe regard et son vague souvenir. La dramaturgie oculaire dans <em>La Chartreuse de Parme<\/em> par Sascha Luethy<br \/>\nStendhal lecteur de l\u2019Arioste, ou l\u2019action suspendue par Manuel Esposito<br \/>\nMicro-suspense et cor\u00e9f\u00e9rence dans quelques r\u00e9cits de Stendhal par Laetitia Gonon<br \/>\nL\u2019Absence d\u2019\u00e9v\u00e9nements comme \u00e9v\u00e9nement\u00a0: les amours de Lucien et de Mme de Chasteller par Encarnaci\u00f3n Medina Arjona<br \/>\nLe suspense et le suspens dans <em>La Chartreuse de Parme<\/em> et <em>Le Rouge et le Noir <\/em>par Pierrette Pavet<br \/>\nTemps, contretemps, suspens\u00a0: exp\u00e9rience et \u00e9criture du temps v\u00e9cu dans <em>Le Rouge et le Noir <\/em>par H\u00e9l\u00e8ne Spengler<br \/>\nComique et suspens\u00a0: Pascal, Pr\u00e9vost, Stendhal par Nicolas Perot<br \/>\n\u00ab\u00a0Toujours un petit doute \u00e0 calmer\u00a0\u00bb\u00a0: de la maxime au roman par Pascale Mc Garry<br \/>\nVari\u00e9t\u00e9 du suspense, continuit\u00e9 de la tension dans les <em>M\u00e9moires d\u2019un touriste <\/em>par Francis Claudon<\/p>\n<p>VARIA<\/p>\n<p>R\u00e9my de Gourmont lecteur de Stendhal par Mamadou Abdoulaye Ly<br \/>\nLe \u00ab\u00a0style de l\u2019Histoire\u00a0\u00bb\u00a0: le cas des <em>Vies de Napol\u00e9on, Haydn et Rossini <\/em>par Antoine Guibal<br \/>\nTemporalit\u00e9 et langage dans<em> Le Rouge et le Noir <\/em>par Bianca Romaniuc-Boularand<br \/>\nStendhal et l\u2019id\u00e9e de nation par Michel Crouzet<br \/>\nL\u2019ambitieux comme individu dangereux dans <em>Le Rouge et le Noir <\/em>par Florian Vaul\u00e9on<br \/>\nLes dess(e)ins dans la <em>Vie de Henry Brulard\u00a0<\/em>: au-del\u00e0 des oppositions par C\u00e9cile Guinand<br \/>\nStendhal, Michelet et la France\u00a0: le lisse et le stri\u00e9 par Yvon Le Scanff<br \/>\nPenser l\u2019\u00e9mancipation\u00a0: l\u2019effort anthropologique du <em>Rouge et le Noir <\/em>par Pierre Vinclair<br \/>\n\u00c9nigmes autour des exemplaires personnels de <em>La Chartreuse de Parme <\/em>par Nobuhiro Takaki<br \/>\nLes Boh\u00e9miens de Prosper M\u00e9rim\u00e9e par Clarisse R\u00e9qu\u00e9na<br \/>\nLes <em>Promenades dans Rome\u00a0<\/em>: soci\u00e9t\u00e9, politique et esth\u00e9tique par Pierre Laforgue<\/p>\n<p>NOTES<\/p>\n<p>Carnet d\u2019\u00c9raste\u00a0 par Jacques Houbert<br \/>\nIndignation par Merete Gerlach-Nielsen<br \/>\nIl Chinese en Chine par Qian Kong<\/p>\n<p>LIVRES<\/p>\n","protected":false},"excerpt":{"rendered":"<p>HB n\u00b0 19 \/ 2015 SOMMAIRE DOSSIER LE SUSPENSE DANS L\u2019\u0152UVRE NARRATIVE DE STENDHAL Colloque ? Paris-Sorbonne\u00a0 \u2013 7 et 8 f\u00e9vrier 2014 Textes r\u00e9unis et pr\u00e9sent\u00e9s par Michel ARROUS Pr\u00e9sentation par Michel Arrous Le suspense discursif dans La Chartreuse &hellip; <a href=\"https:\/\/stendhal.fr\/?p=1009\">Continuer la lecture <span class=\"meta-nav\">&rarr;<\/span><\/a><\/p>\n","protected":false},"author":1,"featured_media":0,"comment_status":"closed","ping_status":"closed","sticky":false,"template":"","format":"standard","meta":{"jetpack_post_was_ever_published":false,"_jetpack_newsletter_access":"","_jetpack_dont_email_post_to_subs":false,"_jetpack_newsletter_tier_id":0,"_jetpack_memberships_contains_paywalled_content":false,"_jetpack_memberships_contains_paid_content":false,"footnotes":"","jetpack_publicize_message":"","jetpack_publicize_feature_enabled":true,"jetpack_social_post_already_shared":true,"jetpack_social_options":{"image_generator_settings":{"template":"highway","default_image_id":0,"font":"","enabled":false},"version":2}},"categories":[2],"tags":[],"class_list":["post-1009","post","type-post","status-publish","format-standard","hentry","category-nouvelles-publications"],"jetpack_publicize_connections":[],"jetpack_featured_media_url":"","jetpack_sharing_enabled":true,"jetpack_shortlink":"https:\/\/wp.me\/p34K8b-gh","jetpack_likes_enabled":true,"_links":{"self":[{"href":"https:\/\/stendhal.fr\/index.php?rest_route=\/wp\/v2\/posts\/1009","targetHints":{"allow":["GET"]}}],"collection":[{"href":"https:\/\/stendhal.fr\/index.php?rest_route=\/wp\/v2\/posts"}],"about":[{"href":"https:\/\/stendhal.fr\/index.php?rest_route=\/wp\/v2\/types\/post"}],"author":[{"embeddable":true,"href":"https:\/\/stendhal.fr\/index.php?rest_route=\/wp\/v2\/users\/1"}],"replies":[{"embeddable":true,"href":"https:\/\/stendhal.fr\/index.php?rest_route=%2Fwp%2Fv2%2Fcomments&post=1009"}],"version-history":[{"count":2,"href":"https:\/\/stendhal.fr\/index.php?rest_route=\/wp\/v2\/posts\/1009\/revisions"}],"predecessor-version":[{"id":1011,"href":"https:\/\/stendhal.fr\/index.php?rest_route=\/wp\/v2\/posts\/1009\/revisions\/1011"}],"wp:attachment":[{"href":"https:\/\/stendhal.fr\/index.php?rest_route=%2Fwp%2Fv2%2Fmedia&parent=1009"}],"wp:term":[{"taxonomy":"category","embeddable":true,"href":"https:\/\/stendhal.fr\/index.php?rest_route=%2Fwp%2Fv2%2Fcategories&post=1009"},{"taxonomy":"post_tag","embeddable":true,"href":"https:\/\/stendhal.fr\/index.php?rest_route=%2Fwp%2Fv2%2Ftags&post=1009"}],"curies":[{"name":"wp","href":"https:\/\/api.w.org\/{rel}","templated":true}]}}